{"id":11896,"date":"2025-09-16T10:33:58","date_gmt":"2025-09-16T13:33:58","guid":{"rendered":"https:\/\/aliancasocial.org\/?p=11896"},"modified":"2025-09-16T10:34:02","modified_gmt":"2025-09-16T13:34:02","slug":"um-novo-espaco-de-vida-na-casa-lar-maria-paola","status":"publish","type":"post","link":"https:\/\/aliancasocial.org\/en\/um-novo-espaco-de-vida-na-casa-lar-maria-paola\/","title":{"rendered":"A new living space at Casa Lar Maria Paola"},"content":{"rendered":"<p>In the <a href=\"https:\/\/www.instagram.com\/casalarmariapaola\/\">Casa Lar Maria Paola<\/a>, every detail is designed to welcome and transform the lives of vulnerable children. Recently, a new step was taken in this mission: in partnership with <strong>One Cause Group <a href=\"https:\/\/www.instagram.com\/umacausaoficial\/\">(@umacausaoficial<\/a>)<\/strong>, one of the rooms was renovated and gained new meaning.<\/p>\n\n\n\n<p>The meeting between the Alliance of Mercy and the Uma Causa Group was a natural one. Already familiar with the group&#039;s mission of welcoming and offering dignity to children, they were willing to collaborate in creating a space for living, studying, and affection.<\/p>\n\n\n\n<p><strong>More than a dormitory<\/strong><\/p>\n\n\n\n<p>The new room was designed to be more than a place to rest. It&#039;s a place to play, learn, dream, and simply be a child. A space that contributes to the emotional, cognitive, and social development of those who, from an early age, have had to face so many challenges.<\/p>\n\n\n\n<p><strong>The sparkle in children&#039;s eyes<\/strong><\/p>\n\n\n\n<p>The inauguration was marked by the children&#039;s reaction. Upon entering the new space, smiles, hugs, and looks of wonder demonstrated how much that gesture of care made a difference. There, they saw not just renovated walls, but a place of belonging.<\/p>\n\n\n\n<p><strong>Gratitude and commitment<\/strong><\/p>\n\n\n\n<p>To the Uma Causa Group team, our gratitude for the &quot;yes&quot; that became a new life for so many children. This partnership reminds us that transforming realities begins when we make room for love.<\/p>\n\n\n\n<p>Casa Lar Maria Paola is part of the social projects and initiatives of Alian\u00e7a de Miseric\u00f3rdia, which has been working on various fronts to care for people in vulnerable situations since 2000. In partnership with the S\u00e3o Paulo City Hall, the institution maintains four Casas Lares in the capital, designed to shelter children and adolescents at personal or social risk, or facing abandonment.<\/p>\n\n\n\n<p>Each home accommodates up to 10 children and has educators who live on-site, offering constant presence and close family bonds. Furthermore, there is support from social workers and psychologists, fostering the development of autonomy, values, and opportunities so that each child and adolescent can build their own path with dignity.<\/p>\n\n\n\n<p><strong>Donate and be part of this mission<\/strong><\/p>\n\n\n\n<p>Every gesture of collaboration opens doors for more children to have dignity and hope.<\/p>\n\n\n\n<p><strong>Be part of this mission with us. Donate now!<\/strong><\/p>\n\n\n\n<p><strong>PIX: doar@misericordia.com.br<\/strong><\/p>","protected":false},"excerpt":{"rendered":"<p>Na Casa Lar Maria Paola, cada detalhe \u00e9 pensado para acolher e transformar a vida de crian\u00e7as em situa\u00e7\u00e3o de vulnerabilidade. Recentemente, um novo passo foi dado nessa miss\u00e3o: em parceria com o Grupo Uma Causa (@umacausaoficial), uma das salas foi reformada e ganhou novo significado. O encontro entre a Alian\u00e7a de Miseric\u00f3rdia e o [&hellip;]<\/p>\n","protected":false},"author":8,"featured_media":11897,"comment_status":"closed","ping_status":"closed","sticky":false,"template":"","format":"standard","meta":{"footnotes":""},"categories":[1],"tags":[],"destaques":[],"class_list":["post-11896","post","type-post","status-publish","format-standard","has-post-thumbnail","hentry","category-sem-categoria"],"yoast_head":"<!-- This site is optimized with the Yoast SEO plugin v27.4 - https:\/\/yoast.com\/product\/yoast-seo-wordpress\/ -->\n<title>Um novo espa\u00e7o de vida na Casa Lar Maria Paola - Alian\u00e7a de Miseric\u00f3rdia<\/title>\n<meta name=\"robots\" content=\"index, follow, max-snippet:-1, max-image-preview:large, max-video-preview:-1\" \/>\n<link rel=\"canonical\" href=\"https:\/\/aliancasocial.org\/en\/um-novo-espaco-de-vida-na-casa-lar-maria-paola\/\" \/>\n<meta property=\"og:locale\" content=\"en_US\" \/>\n<meta property=\"og:type\" content=\"article\" \/>\n<meta property=\"og:title\" content=\"Um novo espa\u00e7o de vida na Casa Lar Maria Paola - Alian\u00e7a de Miseric\u00f3rdia\" \/>\n<meta property=\"og:description\" content=\"Na Casa Lar Maria Paola, cada detalhe \u00e9 pensado para acolher e transformar a vida de crian\u00e7as em situa\u00e7\u00e3o de vulnerabilidade. Recentemente, um novo passo foi dado nessa miss\u00e3o: em parceria com o Grupo Uma Causa (@umacausaoficial), uma das salas foi reformada e ganhou novo significado. O encontro entre a Alian\u00e7a de Miseric\u00f3rdia e o [&hellip;]\" \/>\n<meta property=\"og:url\" content=\"https:\/\/aliancasocial.org\/en\/um-novo-espaco-de-vida-na-casa-lar-maria-paola\/\" \/>\n<meta property=\"og:site_name\" content=\"Alian\u00e7a de Miseric\u00f3rdia\" \/>\n<meta property=\"article:publisher\" content=\"https:\/\/www.facebook.com\/iesmisericordia\/\" \/>\n<meta property=\"article:published_time\" content=\"2025-09-16T13:33:58+00:00\" \/>\n<meta property=\"article:modified_time\" content=\"2025-09-16T13:34:02+00:00\" \/>\n<meta property=\"og:image\" content=\"https:\/\/aliancasocial.org\/wp-content\/uploads\/2025\/09\/GEPEF-Banner-me\u0301dio-formato-EUA-horizontal13-1024x512.png\" \/>\n\t<meta property=\"og:image:width\" content=\"1024\" \/>\n\t<meta property=\"og:image:height\" content=\"512\" \/>\n\t<meta property=\"og:image:type\" content=\"image\/png\" \/>\n<meta name=\"author\" content=\"Fernanda Monzambani\" \/>\n<meta name=\"twitter:card\" content=\"summary_large_image\" \/>\n<meta name=\"twitter:label1\" content=\"Written by\" \/>\n\t<meta name=\"twitter:data1\" content=\"Fernanda Monzambani\" \/>\n\t<meta name=\"twitter:label2\" content=\"Est. reading time\" \/>\n\t<meta name=\"twitter:data2\" content=\"3 minutes\" \/>\n<script type=\"application\/ld+json\" class=\"yoast-schema-graph\">{\"@context\":\"https:\\\/\\\/schema.org\",\"@graph\":[{\"@type\":\"Article\",\"@id\":\"https:\\\/\\\/aliancasocial.org\\\/um-novo-espaco-de-vida-na-casa-lar-maria-paola\\\/#article\",\"isPartOf\":{\"@id\":\"https:\\\/\\\/aliancasocial.org\\\/um-novo-espaco-de-vida-na-casa-lar-maria-paola\\\/\"},\"author\":{\"name\":\"Fernanda Monzambani\",\"@id\":\"https:\\\/\\\/aliancasocial.org\\\/#\\\/schema\\\/person\\\/78098b551faec531645dbd5d82778414\"},\"headline\":\"Um novo espa\u00e7o de vida na Casa Lar Maria Paola\",\"datePublished\":\"2025-09-16T13:33:58+00:00\",\"dateModified\":\"2025-09-16T13:34:02+00:00\",\"mainEntityOfPage\":{\"@id\":\"https:\\\/\\\/aliancasocial.org\\\/um-novo-espaco-de-vida-na-casa-lar-maria-paola\\\/\"},\"wordCount\":422,\"publisher\":{\"@id\":\"https:\\\/\\\/aliancasocial.org\\\/#organization\"},\"image\":{\"@id\":\"https:\\\/\\\/aliancasocial.org\\\/um-novo-espaco-de-vida-na-casa-lar-maria-paola\\\/#primaryimage\"},\"thumbnailUrl\":\"https:\\\/\\\/aliancasocial.org\\\/wp-content\\\/uploads\\\/2025\\\/09\\\/GEPEF-Banner-me\u0301dio-formato-EUA-horizontal13-scaled.png\",\"articleSection\":[\"Sem Categoria\"],\"inLanguage\":\"en-US\"},{\"@type\":\"WebPage\",\"@id\":\"https:\\\/\\\/aliancasocial.org\\\/um-novo-espaco-de-vida-na-casa-lar-maria-paola\\\/\",\"url\":\"https:\\\/\\\/aliancasocial.org\\\/um-novo-espaco-de-vida-na-casa-lar-maria-paola\\\/\",\"name\":\"Um novo espa\u00e7o de vida na Casa Lar Maria Paola - Alian\u00e7a de Miseric\u00f3rdia\",\"isPartOf\":{\"@id\":\"https:\\\/\\\/aliancasocial.org\\\/#website\"},\"primaryImageOfPage\":{\"@id\":\"https:\\\/\\\/aliancasocial.org\\\/um-novo-espaco-de-vida-na-casa-lar-maria-paola\\\/#primaryimage\"},\"image\":{\"@id\":\"https:\\\/\\\/aliancasocial.org\\\/um-novo-espaco-de-vida-na-casa-lar-maria-paola\\\/#primaryimage\"},\"thumbnailUrl\":\"https:\\\/\\\/aliancasocial.org\\\/wp-content\\\/uploads\\\/2025\\\/09\\\/GEPEF-Banner-me\u0301dio-formato-EUA-horizontal13-scaled.png\",\"datePublished\":\"2025-09-16T13:33:58+00:00\",\"dateModified\":\"2025-09-16T13:34:02+00:00\",\"breadcrumb\":{\"@id\":\"https:\\\/\\\/aliancasocial.org\\\/um-novo-espaco-de-vida-na-casa-lar-maria-paola\\\/#breadcrumb\"},\"inLanguage\":\"en-US\",\"potentialAction\":[{\"@type\":\"ReadAction\",\"target\":[\"https:\\\/\\\/aliancasocial.org\\\/um-novo-espaco-de-vida-na-casa-lar-maria-paola\\\/\"]}]},{\"@type\":\"ImageObject\",\"inLanguage\":\"en-US\",\"@id\":\"https:\\\/\\\/aliancasocial.org\\\/um-novo-espaco-de-vida-na-casa-lar-maria-paola\\\/#primaryimage\",\"url\":\"https:\\\/\\\/aliancasocial.org\\\/wp-content\\\/uploads\\\/2025\\\/09\\\/GEPEF-Banner-me\u0301dio-formato-EUA-horizontal13-scaled.png\",\"contentUrl\":\"https:\\\/\\\/aliancasocial.org\\\/wp-content\\\/uploads\\\/2025\\\/09\\\/GEPEF-Banner-me\u0301dio-formato-EUA-horizontal13-scaled.png\",\"width\":2560,\"height\":1280},{\"@type\":\"BreadcrumbList\",\"@id\":\"https:\\\/\\\/aliancasocial.org\\\/um-novo-espaco-de-vida-na-casa-lar-maria-paola\\\/#breadcrumb\",\"itemListElement\":[{\"@type\":\"ListItem\",\"position\":1,\"name\":\"In\u00edcio\",\"item\":\"https:\\\/\\\/aliancasocial.org\\\/en\\\/\"},{\"@type\":\"ListItem\",\"position\":2,\"name\":\"Um novo espa\u00e7o de vida na Casa Lar Maria Paola\"}]},{\"@type\":\"WebSite\",\"@id\":\"https:\\\/\\\/aliancasocial.org\\\/#website\",\"url\":\"https:\\\/\\\/aliancasocial.org\\\/\",\"name\":\"Alian\u00e7a de Miseric\u00f3rdia\",\"description\":\"Levando dignidade humana a todos os cantos do mundo\",\"publisher\":{\"@id\":\"https:\\\/\\\/aliancasocial.org\\\/#organization\"},\"potentialAction\":[{\"@type\":\"SearchAction\",\"target\":{\"@type\":\"EntryPoint\",\"urlTemplate\":\"https:\\\/\\\/aliancasocial.org\\\/?s={search_term_string}\"},\"query-input\":{\"@type\":\"PropertyValueSpecification\",\"valueRequired\":true,\"valueName\":\"search_term_string\"}}],\"inLanguage\":\"en-US\"},{\"@type\":\"Organization\",\"@id\":\"https:\\\/\\\/aliancasocial.org\\\/#organization\",\"name\":\"Alian\u00e7a de Miseric\u00f3rdia\",\"url\":\"https:\\\/\\\/aliancasocial.org\\\/\",\"logo\":{\"@type\":\"ImageObject\",\"inLanguage\":\"en-US\",\"@id\":\"https:\\\/\\\/aliancasocial.org\\\/#\\\/schema\\\/logo\\\/image\\\/\",\"url\":\"https:\\\/\\\/aliancasocial.org\\\/wp-content\\\/uploads\\\/2022\\\/07\\\/logo-alianca-marrom.svg\",\"contentUrl\":\"https:\\\/\\\/aliancasocial.org\\\/wp-content\\\/uploads\\\/2022\\\/07\\\/logo-alianca-marrom.svg\",\"width\":91,\"height\":33,\"caption\":\"Alian\u00e7a de Miseric\u00f3rdia\"},\"image\":{\"@id\":\"https:\\\/\\\/aliancasocial.org\\\/#\\\/schema\\\/logo\\\/image\\\/\"},\"sameAs\":[\"https:\\\/\\\/www.facebook.com\\\/iesmisericordia\\\/\",\"https:\\\/\\\/www.instagram.com\\\/aliancademisericordia\\\/\"]},{\"@type\":\"Person\",\"@id\":\"https:\\\/\\\/aliancasocial.org\\\/#\\\/schema\\\/person\\\/78098b551faec531645dbd5d82778414\",\"name\":\"Fernanda Monzambani\",\"image\":{\"@type\":\"ImageObject\",\"inLanguage\":\"en-US\",\"@id\":\"https:\\\/\\\/secure.gravatar.com\\\/avatar\\\/aa6d89063e21cd9638051b6cd0602c108d4b79b0898534c712d68409f7e5b64c?s=96&d=mm&r=g\",\"url\":\"https:\\\/\\\/secure.gravatar.com\\\/avatar\\\/aa6d89063e21cd9638051b6cd0602c108d4b79b0898534c712d68409f7e5b64c?s=96&d=mm&r=g\",\"contentUrl\":\"https:\\\/\\\/secure.gravatar.com\\\/avatar\\\/aa6d89063e21cd9638051b6cd0602c108d4b79b0898534c712d68409f7e5b64c?s=96&d=mm&r=g\",\"caption\":\"Fernanda Monzambani\"},\"url\":\"https:\\\/\\\/aliancasocial.org\\\/en\\\/author\\\/fernanda\\\/\"}]}<\/script>\n<!-- \/ Yoast SEO plugin. -->","yoast_head_json":{"title":"Um novo espa\u00e7o de vida na Casa Lar Maria Paola - Alian\u00e7a de Miseric\u00f3rdia","robots":{"index":"index","follow":"follow","max-snippet":"max-snippet:-1","max-image-preview":"max-image-preview:large","max-video-preview":"max-video-preview:-1"},"canonical":"https:\/\/aliancasocial.org\/en\/um-novo-espaco-de-vida-na-casa-lar-maria-paola\/","og_locale":"en_US","og_type":"article","og_title":"Um novo espa\u00e7o de vida na Casa Lar Maria Paola - Alian\u00e7a de Miseric\u00f3rdia","og_description":"Na Casa Lar Maria Paola, cada detalhe \u00e9 pensado para acolher e transformar a vida de crian\u00e7as em situa\u00e7\u00e3o de vulnerabilidade. Recentemente, um novo passo foi dado nessa miss\u00e3o: em parceria com o Grupo Uma Causa (@umacausaoficial), uma das salas foi reformada e ganhou novo significado. O encontro entre a Alian\u00e7a de Miseric\u00f3rdia e o [&hellip;]","og_url":"https:\/\/aliancasocial.org\/en\/um-novo-espaco-de-vida-na-casa-lar-maria-paola\/","og_site_name":"Alian\u00e7a de Miseric\u00f3rdia","article_publisher":"https:\/\/www.facebook.com\/iesmisericordia\/","article_published_time":"2025-09-16T13:33:58+00:00","article_modified_time":"2025-09-16T13:34:02+00:00","og_image":[{"width":1024,"height":512,"url":"https:\/\/aliancasocial.org\/wp-content\/uploads\/2025\/09\/GEPEF-Banner-me\u0301dio-formato-EUA-horizontal13-1024x512.png","type":"image\/png"}],"author":"Fernanda Monzambani","twitter_card":"summary_large_image","twitter_misc":{"Written by":"Fernanda Monzambani","Est. reading time":"3 minutes"},"schema":{"@context":"https:\/\/schema.org","@graph":[{"@type":"Article","@id":"https:\/\/aliancasocial.org\/um-novo-espaco-de-vida-na-casa-lar-maria-paola\/#article","isPartOf":{"@id":"https:\/\/aliancasocial.org\/um-novo-espaco-de-vida-na-casa-lar-maria-paola\/"},"author":{"name":"Fernanda Monzambani","@id":"https:\/\/aliancasocial.org\/#\/schema\/person\/78098b551faec531645dbd5d82778414"},"headline":"Um novo espa\u00e7o de vida na Casa Lar Maria Paola","datePublished":"2025-09-16T13:33:58+00:00","dateModified":"2025-09-16T13:34:02+00:00","mainEntityOfPage":{"@id":"https:\/\/aliancasocial.org\/um-novo-espaco-de-vida-na-casa-lar-maria-paola\/"},"wordCount":422,"publisher":{"@id":"https:\/\/aliancasocial.org\/#organization"},"image":{"@id":"https:\/\/aliancasocial.org\/um-novo-espaco-de-vida-na-casa-lar-maria-paola\/#primaryimage"},"thumbnailUrl":"https:\/\/aliancasocial.org\/wp-content\/uploads\/2025\/09\/GEPEF-Banner-me\u0301dio-formato-EUA-horizontal13-scaled.png","articleSection":["Sem Categoria"],"inLanguage":"en-US"},{"@type":"WebPage","@id":"https:\/\/aliancasocial.org\/um-novo-espaco-de-vida-na-casa-lar-maria-paola\/","url":"https:\/\/aliancasocial.org\/um-novo-espaco-de-vida-na-casa-lar-maria-paola\/","name":"Um novo espa\u00e7o de vida na Casa Lar Maria Paola - Alian\u00e7a de Miseric\u00f3rdia","isPartOf":{"@id":"https:\/\/aliancasocial.org\/#website"},"primaryImageOfPage":{"@id":"https:\/\/aliancasocial.org\/um-novo-espaco-de-vida-na-casa-lar-maria-paola\/#primaryimage"},"image":{"@id":"https:\/\/aliancasocial.org\/um-novo-espaco-de-vida-na-casa-lar-maria-paola\/#primaryimage"},"thumbnailUrl":"https:\/\/aliancasocial.org\/wp-content\/uploads\/2025\/09\/GEPEF-Banner-me\u0301dio-formato-EUA-horizontal13-scaled.png","datePublished":"2025-09-16T13:33:58+00:00","dateModified":"2025-09-16T13:34:02+00:00","breadcrumb":{"@id":"https:\/\/aliancasocial.org\/um-novo-espaco-de-vida-na-casa-lar-maria-paola\/#breadcrumb"},"inLanguage":"en-US","potentialAction":[{"@type":"ReadAction","target":["https:\/\/aliancasocial.org\/um-novo-espaco-de-vida-na-casa-lar-maria-paola\/"]}]},{"@type":"ImageObject","inLanguage":"en-US","@id":"https:\/\/aliancasocial.org\/um-novo-espaco-de-vida-na-casa-lar-maria-paola\/#primaryimage","url":"https:\/\/aliancasocial.org\/wp-content\/uploads\/2025\/09\/GEPEF-Banner-me\u0301dio-formato-EUA-horizontal13-scaled.png","contentUrl":"https:\/\/aliancasocial.org\/wp-content\/uploads\/2025\/09\/GEPEF-Banner-me\u0301dio-formato-EUA-horizontal13-scaled.png","width":2560,"height":1280},{"@type":"BreadcrumbList","@id":"https:\/\/aliancasocial.org\/um-novo-espaco-de-vida-na-casa-lar-maria-paola\/#breadcrumb","itemListElement":[{"@type":"ListItem","position":1,"name":"In\u00edcio","item":"https:\/\/aliancasocial.org\/en\/"},{"@type":"ListItem","position":2,"name":"Um novo espa\u00e7o de vida na Casa Lar Maria Paola"}]},{"@type":"WebSite","@id":"https:\/\/aliancasocial.org\/#website","url":"https:\/\/aliancasocial.org\/","name":"Covenant of Mercy","description":"Bringing human dignity to every corner of the world","publisher":{"@id":"https:\/\/aliancasocial.org\/#organization"},"potentialAction":[{"@type":"SearchAction","target":{"@type":"EntryPoint","urlTemplate":"https:\/\/aliancasocial.org\/?s={search_term_string}"},"query-input":{"@type":"PropertyValueSpecification","valueRequired":true,"valueName":"search_term_string"}}],"inLanguage":"en-US"},{"@type":"Organization","@id":"https:\/\/aliancasocial.org\/#organization","name":"Covenant of Mercy","url":"https:\/\/aliancasocial.org\/","logo":{"@type":"ImageObject","inLanguage":"en-US","@id":"https:\/\/aliancasocial.org\/#\/schema\/logo\/image\/","url":"https:\/\/aliancasocial.org\/wp-content\/uploads\/2022\/07\/logo-alianca-marrom.svg","contentUrl":"https:\/\/aliancasocial.org\/wp-content\/uploads\/2022\/07\/logo-alianca-marrom.svg","width":91,"height":33,"caption":"Alian\u00e7a de Miseric\u00f3rdia"},"image":{"@id":"https:\/\/aliancasocial.org\/#\/schema\/logo\/image\/"},"sameAs":["https:\/\/www.facebook.com\/iesmisericordia\/","https:\/\/www.instagram.com\/aliancademisericordia\/"]},{"@type":"Person","@id":"https:\/\/aliancasocial.org\/#\/schema\/person\/78098b551faec531645dbd5d82778414","name":"Fernanda Monzambani","image":{"@type":"ImageObject","inLanguage":"en-US","@id":"https:\/\/secure.gravatar.com\/avatar\/aa6d89063e21cd9638051b6cd0602c108d4b79b0898534c712d68409f7e5b64c?s=96&d=mm&r=g","url":"https:\/\/secure.gravatar.com\/avatar\/aa6d89063e21cd9638051b6cd0602c108d4b79b0898534c712d68409f7e5b64c?s=96&d=mm&r=g","contentUrl":"https:\/\/secure.gravatar.com\/avatar\/aa6d89063e21cd9638051b6cd0602c108d4b79b0898534c712d68409f7e5b64c?s=96&d=mm&r=g","caption":"Fernanda Monzambani"},"url":"https:\/\/aliancasocial.org\/en\/author\/fernanda\/"}]}},"_links":{"self":[{"href":"https:\/\/aliancasocial.org\/en\/wp-json\/wp\/v2\/posts\/11896","targetHints":{"allow":["GET"]}}],"collection":[{"href":"https:\/\/aliancasocial.org\/en\/wp-json\/wp\/v2\/posts"}],"about":[{"href":"https:\/\/aliancasocial.org\/en\/wp-json\/wp\/v2\/types\/post"}],"author":[{"embeddable":true,"href":"https:\/\/aliancasocial.org\/en\/wp-json\/wp\/v2\/users\/8"}],"replies":[{"embeddable":true,"href":"https:\/\/aliancasocial.org\/en\/wp-json\/wp\/v2\/comments?post=11896"}],"version-history":[{"count":1,"href":"https:\/\/aliancasocial.org\/en\/wp-json\/wp\/v2\/posts\/11896\/revisions"}],"predecessor-version":[{"id":11898,"href":"https:\/\/aliancasocial.org\/en\/wp-json\/wp\/v2\/posts\/11896\/revisions\/11898"}],"wp:featuredmedia":[{"embeddable":true,"href":"https:\/\/aliancasocial.org\/en\/wp-json\/wp\/v2\/media\/11897"}],"wp:attachment":[{"href":"https:\/\/aliancasocial.org\/en\/wp-json\/wp\/v2\/media?parent=11896"}],"wp:term":[{"taxonomy":"category","embeddable":true,"href":"https:\/\/aliancasocial.org\/en\/wp-json\/wp\/v2\/categories?post=11896"},{"taxonomy":"post_tag","embeddable":true,"href":"https:\/\/aliancasocial.org\/en\/wp-json\/wp\/v2\/tags?post=11896"},{"taxonomy":"destaques","embeddable":true,"href":"https:\/\/aliancasocial.org\/en\/wp-json\/wp\/v2\/destaques?post=11896"}],"curies":[{"name":"wp","href":"https:\/\/api.w.org\/{rel}","templated":true}]}}