{"id":11899,"date":"2025-09-23T09:29:12","date_gmt":"2025-09-23T12:29:12","guid":{"rendered":"https:\/\/aliancasocial.org\/?p=11899"},"modified":"2025-09-23T09:29:17","modified_gmt":"2025-09-23T12:29:17","slug":"lions-charity-run-2025-brasil-corremos-para-servir","status":"publish","type":"post","link":"https:\/\/aliancasocial.org\/en\/lions-charity-run-2025-brasil-corremos-para-servir\/","title":{"rendered":"Lions Charity Run 2025 Brazil: We Run to Serve!"},"content":{"rendered":"<p>Between the days <strong>September 28 and October 5, 2025<\/strong>, Brazil will be the stage for a great movement of solidarity and overcoming: the <strong>Lions Charity Run 2025<\/strong>, a charity race with <strong>839 km route<\/strong>, leaving from <strong>Curitiba (PR)<\/strong> towards <strong>Rio de Janeiro (RJ)<\/strong>, passing through cities such as Registro, S\u00e3o Paulo, S\u00e3o Jos\u00e9 dos Campos, Guaratinguet\u00e1, Resende and Juiz de Fora.<\/p>\n\n\n\n<p>The goal is as grand as the challenge: <strong>raise funds to help children in socially vulnerable situations in Brazil<\/strong>, promoting transformation through social projects. The action is promoted by amateur athletes, members of <strong>Lions Club International<\/strong>, the world&#039;s largest humanitarian organization.<\/p>\n\n\n\n<h3 class=\"wp-block-heading\">\u201cWe Run, We Serve!\u201d \u2013 We run to serve<\/h3>\n\n\n\n<p>Guided by the motto <strong>\u201cWe Run, We Serve!\u201d<\/strong>, eight runners from Poland, Germany, Ukraine, and Brazil will cross the Southeast of the country in 7 days. The event is <strong>14th Lions Charity Run (LCR)<\/strong>, an initiative that, since 2013, has covered more than 10,000 km in 19 countries and raised <strong>more than US$ 650 thousand<\/strong> for social causes aimed at underprivileged children around the world.<\/p>\n\n\n\n<p>All funds raised follow the <strong>100% rule<\/strong>: are fully allocated to the benefiting institutions, without any deductions. Runners finance their own participation, with support from sponsors and local Lions.<\/p>\n\n\n\n<p>The Brazilian edition of the Lions Charity Run will benefit three institutions that work directly with children at social risk, one of which is the Alian\u00e7a de Miseric\u00f3rdia in the S\u00e3o Paulo stage, as the project itself announced:<\/p>\n\n\n\n<ul class=\"wp-block-list\">\n<li><strong>Association for the Promotion of Sports and Leisure (S\u00e3o Jos\u00e9 dos Pinhais\/PR):<\/strong> promotes inclusion and citizenship through sports and leisure, with activities such as volleyball, capoeira and social projects such as MOVE SOLID\u00c1RIO.<\/li>\n\n\n\n<li><strong>Heart of the Alliance of Mercy Village (S\u00e3o Paulo\/SP):<\/strong> Located in Parque de Taipas, a region marked by social vulnerability, Vila Cuore is an educational project that transforms lives through the comprehensive education of children and adolescents.<\/li>\n\n\n\n<li><strong>Ricardo Moys\u00e9s Jr. Foundation (Juiz de Fora\/MG):<\/strong> offers dignified treatment to children and adolescents with cancer, providing medication, exams, prosthetics and medical equipment to increase their chances of a cure.<\/li>\n<\/ul>\n\n\n\n<h3 class=\"wp-block-heading\">Charity race with purpose and history<\/h3>\n\n\n\n<p>A <strong>Lions Charity Run<\/strong> was born in 2013, conceived by <strong>Mariusz Szeib PhD<\/strong>, a businessman from Poznan, Poland. Since then, he has had the support of important names such as <strong>Lech Walesa<\/strong>, <strong>Antonio Tajani<\/strong> It is <strong>Roberta Metsola<\/strong>. None of the runners are professionals. They are architects, businesspeople, teachers, doctors\u2014ordinary people who put themselves at the disposal of the extraordinary: <strong>serve through esports<\/strong>Programming in S\u00e3o Paulo<\/p>\n\n\n\n<p>The city of S\u00e3o Paulo will have two days of special programming:<\/p>\n\n\n\n<p><strong>29\/09 \u2013 Monday<\/strong><\/p>\n\n\n\n<ul class=\"wp-block-list\">\n<li>Arrival of athletes at <strong>Botuquara<\/strong>, followed by a visit to <strong>village cuore<\/strong> for symbolic delivery of the donation.<\/li>\n\n\n\n<li>5 km race in <strong>Villa-Lobos Park<\/strong>.<\/li>\n\n\n\n<li>Closing with dinner at <strong>Lions of Vila Mariana<\/strong>.<\/li>\n<\/ul>\n\n\n\n<p><strong>09\/30 \u2013 Tuesday<\/strong><\/p>\n\n\n\n<ul class=\"wp-block-list\">\n<li>Race at 8am at <strong>Ibirapuera Park<\/strong>, promoting visibility and support for the cause.<\/li>\n<\/ul>\n\n\n\n<p>Over the years, LCR has contributed to the construction of schools in <strong>Nepal, Tanzania, Rwanda, Cambodia and Morocco<\/strong>, donated an ambulance to Syrian refugees in <strong>Lebanon<\/strong> and supported child victims of war in <strong>Ukraine<\/strong>. Now the focus is on <strong>Brazil<\/strong>, reaffirming that solidarity knows no borders.<\/p>","protected":false},"excerpt":{"rendered":"<p>Entre os dias 28 de setembro e 5 de outubro de 2025, o Brasil ser\u00e1 palco de um grande movimento de solidariedade e supera\u00e7\u00e3o: a Lions Charity Run 2025, uma corrida beneficente com 839 km de percurso, saindo de Curitiba (PR) rumo ao Rio de Janeiro (RJ), passando por cidades como Registro, S\u00e3o Paulo, S\u00e3o [&hellip;]<\/p>\n","protected":false},"author":8,"featured_media":11900,"comment_status":"closed","ping_status":"closed","sticky":false,"template":"","format":"standard","meta":{"footnotes":""},"categories":[1],"tags":[],"destaques":[36],"class_list":["post-11899","post","type-post","status-publish","format-standard","has-post-thumbnail","hentry","category-sem-categoria","destaques-destaque-01"],"yoast_head":"<!-- This site is optimized with the Yoast SEO plugin v27.4 - https:\/\/yoast.com\/product\/yoast-seo-wordpress\/ -->\n<title>Lions Charity Run 2025 Brasil: Corremos para Servir! - Alian\u00e7a de Miseric\u00f3rdia<\/title>\n<meta name=\"robots\" content=\"index, follow, max-snippet:-1, max-image-preview:large, max-video-preview:-1\" \/>\n<link rel=\"canonical\" href=\"https:\/\/aliancasocial.org\/en\/lions-charity-run-2025-brasil-corremos-para-servir\/\" \/>\n<meta property=\"og:locale\" content=\"en_US\" \/>\n<meta property=\"og:type\" content=\"article\" \/>\n<meta property=\"og:title\" content=\"Lions Charity Run 2025 Brasil: Corremos para Servir! - Alian\u00e7a de Miseric\u00f3rdia\" \/>\n<meta property=\"og:description\" content=\"Entre os dias 28 de setembro e 5 de outubro de 2025, o Brasil ser\u00e1 palco de um grande movimento de solidariedade e supera\u00e7\u00e3o: a Lions Charity Run 2025, uma corrida beneficente com 839 km de percurso, saindo de Curitiba (PR) rumo ao Rio de Janeiro (RJ), passando por cidades como Registro, S\u00e3o Paulo, S\u00e3o [&hellip;]\" \/>\n<meta property=\"og:url\" content=\"https:\/\/aliancasocial.org\/en\/lions-charity-run-2025-brasil-corremos-para-servir\/\" \/>\n<meta property=\"og:site_name\" content=\"Alian\u00e7a de Miseric\u00f3rdia\" \/>\n<meta property=\"article:publisher\" content=\"https:\/\/www.facebook.com\/iesmisericordia\/\" \/>\n<meta property=\"article:published_time\" content=\"2025-09-23T12:29:12+00:00\" \/>\n<meta property=\"article:modified_time\" content=\"2025-09-23T12:29:17+00:00\" \/>\n<meta property=\"og:image\" content=\"https:\/\/aliancasocial.org\/wp-content\/uploads\/2025\/09\/ARTE-LCR-2025.jpg\" \/>\n\t<meta property=\"og:image:width\" content=\"1280\" \/>\n\t<meta property=\"og:image:height\" content=\"474\" \/>\n\t<meta property=\"og:image:type\" content=\"image\/jpeg\" \/>\n<meta name=\"author\" content=\"Fernanda Monzambani\" \/>\n<meta name=\"twitter:card\" content=\"summary_large_image\" \/>\n<meta name=\"twitter:label1\" content=\"Written by\" \/>\n\t<meta name=\"twitter:data1\" content=\"Fernanda Monzambani\" \/>\n\t<meta name=\"twitter:label2\" content=\"Est. reading time\" \/>\n\t<meta name=\"twitter:data2\" content=\"4 minutes\" \/>\n<script type=\"application\/ld+json\" class=\"yoast-schema-graph\">{\"@context\":\"https:\\\/\\\/schema.org\",\"@graph\":[{\"@type\":\"Article\",\"@id\":\"https:\\\/\\\/aliancasocial.org\\\/lions-charity-run-2025-brasil-corremos-para-servir\\\/#article\",\"isPartOf\":{\"@id\":\"https:\\\/\\\/aliancasocial.org\\\/lions-charity-run-2025-brasil-corremos-para-servir\\\/\"},\"author\":{\"name\":\"Fernanda Monzambani\",\"@id\":\"https:\\\/\\\/aliancasocial.org\\\/#\\\/schema\\\/person\\\/78098b551faec531645dbd5d82778414\"},\"headline\":\"Lions Charity Run 2025 Brasil: Corremos para Servir!\",\"datePublished\":\"2025-09-23T12:29:12+00:00\",\"dateModified\":\"2025-09-23T12:29:17+00:00\",\"mainEntityOfPage\":{\"@id\":\"https:\\\/\\\/aliancasocial.org\\\/lions-charity-run-2025-brasil-corremos-para-servir\\\/\"},\"wordCount\":586,\"publisher\":{\"@id\":\"https:\\\/\\\/aliancasocial.org\\\/#organization\"},\"image\":{\"@id\":\"https:\\\/\\\/aliancasocial.org\\\/lions-charity-run-2025-brasil-corremos-para-servir\\\/#primaryimage\"},\"thumbnailUrl\":\"https:\\\/\\\/aliancasocial.org\\\/wp-content\\\/uploads\\\/2025\\\/09\\\/ARTE-LCR-2025.jpg\",\"articleSection\":[\"Sem Categoria\"],\"inLanguage\":\"en-US\"},{\"@type\":\"WebPage\",\"@id\":\"https:\\\/\\\/aliancasocial.org\\\/lions-charity-run-2025-brasil-corremos-para-servir\\\/\",\"url\":\"https:\\\/\\\/aliancasocial.org\\\/lions-charity-run-2025-brasil-corremos-para-servir\\\/\",\"name\":\"Lions Charity Run 2025 Brasil: Corremos para Servir! - Alian\u00e7a de Miseric\u00f3rdia\",\"isPartOf\":{\"@id\":\"https:\\\/\\\/aliancasocial.org\\\/#website\"},\"primaryImageOfPage\":{\"@id\":\"https:\\\/\\\/aliancasocial.org\\\/lions-charity-run-2025-brasil-corremos-para-servir\\\/#primaryimage\"},\"image\":{\"@id\":\"https:\\\/\\\/aliancasocial.org\\\/lions-charity-run-2025-brasil-corremos-para-servir\\\/#primaryimage\"},\"thumbnailUrl\":\"https:\\\/\\\/aliancasocial.org\\\/wp-content\\\/uploads\\\/2025\\\/09\\\/ARTE-LCR-2025.jpg\",\"datePublished\":\"2025-09-23T12:29:12+00:00\",\"dateModified\":\"2025-09-23T12:29:17+00:00\",\"breadcrumb\":{\"@id\":\"https:\\\/\\\/aliancasocial.org\\\/lions-charity-run-2025-brasil-corremos-para-servir\\\/#breadcrumb\"},\"inLanguage\":\"en-US\",\"potentialAction\":[{\"@type\":\"ReadAction\",\"target\":[\"https:\\\/\\\/aliancasocial.org\\\/lions-charity-run-2025-brasil-corremos-para-servir\\\/\"]}]},{\"@type\":\"ImageObject\",\"inLanguage\":\"en-US\",\"@id\":\"https:\\\/\\\/aliancasocial.org\\\/lions-charity-run-2025-brasil-corremos-para-servir\\\/#primaryimage\",\"url\":\"https:\\\/\\\/aliancasocial.org\\\/wp-content\\\/uploads\\\/2025\\\/09\\\/ARTE-LCR-2025.jpg\",\"contentUrl\":\"https:\\\/\\\/aliancasocial.org\\\/wp-content\\\/uploads\\\/2025\\\/09\\\/ARTE-LCR-2025.jpg\",\"width\":1280,\"height\":474},{\"@type\":\"BreadcrumbList\",\"@id\":\"https:\\\/\\\/aliancasocial.org\\\/lions-charity-run-2025-brasil-corremos-para-servir\\\/#breadcrumb\",\"itemListElement\":[{\"@type\":\"ListItem\",\"position\":1,\"name\":\"In\u00edcio\",\"item\":\"https:\\\/\\\/aliancasocial.org\\\/en\\\/\"},{\"@type\":\"ListItem\",\"position\":2,\"name\":\"Lions Charity Run 2025 Brasil: Corremos para Servir!\"}]},{\"@type\":\"WebSite\",\"@id\":\"https:\\\/\\\/aliancasocial.org\\\/#website\",\"url\":\"https:\\\/\\\/aliancasocial.org\\\/\",\"name\":\"Alian\u00e7a de Miseric\u00f3rdia\",\"description\":\"Levando dignidade humana a todos os cantos do mundo\",\"publisher\":{\"@id\":\"https:\\\/\\\/aliancasocial.org\\\/#organization\"},\"potentialAction\":[{\"@type\":\"SearchAction\",\"target\":{\"@type\":\"EntryPoint\",\"urlTemplate\":\"https:\\\/\\\/aliancasocial.org\\\/?s={search_term_string}\"},\"query-input\":{\"@type\":\"PropertyValueSpecification\",\"valueRequired\":true,\"valueName\":\"search_term_string\"}}],\"inLanguage\":\"en-US\"},{\"@type\":\"Organization\",\"@id\":\"https:\\\/\\\/aliancasocial.org\\\/#organization\",\"name\":\"Alian\u00e7a de Miseric\u00f3rdia\",\"url\":\"https:\\\/\\\/aliancasocial.org\\\/\",\"logo\":{\"@type\":\"ImageObject\",\"inLanguage\":\"en-US\",\"@id\":\"https:\\\/\\\/aliancasocial.org\\\/#\\\/schema\\\/logo\\\/image\\\/\",\"url\":\"https:\\\/\\\/aliancasocial.org\\\/wp-content\\\/uploads\\\/2022\\\/07\\\/logo-alianca-marrom.svg\",\"contentUrl\":\"https:\\\/\\\/aliancasocial.org\\\/wp-content\\\/uploads\\\/2022\\\/07\\\/logo-alianca-marrom.svg\",\"width\":91,\"height\":33,\"caption\":\"Alian\u00e7a de Miseric\u00f3rdia\"},\"image\":{\"@id\":\"https:\\\/\\\/aliancasocial.org\\\/#\\\/schema\\\/logo\\\/image\\\/\"},\"sameAs\":[\"https:\\\/\\\/www.facebook.com\\\/iesmisericordia\\\/\",\"https:\\\/\\\/www.instagram.com\\\/aliancademisericordia\\\/\"]},{\"@type\":\"Person\",\"@id\":\"https:\\\/\\\/aliancasocial.org\\\/#\\\/schema\\\/person\\\/78098b551faec531645dbd5d82778414\",\"name\":\"Fernanda Monzambani\",\"image\":{\"@type\":\"ImageObject\",\"inLanguage\":\"en-US\",\"@id\":\"https:\\\/\\\/secure.gravatar.com\\\/avatar\\\/aa6d89063e21cd9638051b6cd0602c108d4b79b0898534c712d68409f7e5b64c?s=96&d=mm&r=g\",\"url\":\"https:\\\/\\\/secure.gravatar.com\\\/avatar\\\/aa6d89063e21cd9638051b6cd0602c108d4b79b0898534c712d68409f7e5b64c?s=96&d=mm&r=g\",\"contentUrl\":\"https:\\\/\\\/secure.gravatar.com\\\/avatar\\\/aa6d89063e21cd9638051b6cd0602c108d4b79b0898534c712d68409f7e5b64c?s=96&d=mm&r=g\",\"caption\":\"Fernanda Monzambani\"},\"url\":\"https:\\\/\\\/aliancasocial.org\\\/en\\\/author\\\/fernanda\\\/\"}]}<\/script>\n<!-- \/ Yoast SEO plugin. -->","yoast_head_json":{"title":"Lions Charity Run 2025 Brasil: Corremos para Servir! - Alian\u00e7a de Miseric\u00f3rdia","robots":{"index":"index","follow":"follow","max-snippet":"max-snippet:-1","max-image-preview":"max-image-preview:large","max-video-preview":"max-video-preview:-1"},"canonical":"https:\/\/aliancasocial.org\/en\/lions-charity-run-2025-brasil-corremos-para-servir\/","og_locale":"en_US","og_type":"article","og_title":"Lions Charity Run 2025 Brasil: Corremos para Servir! - Alian\u00e7a de Miseric\u00f3rdia","og_description":"Entre os dias 28 de setembro e 5 de outubro de 2025, o Brasil ser\u00e1 palco de um grande movimento de solidariedade e supera\u00e7\u00e3o: a Lions Charity Run 2025, uma corrida beneficente com 839 km de percurso, saindo de Curitiba (PR) rumo ao Rio de Janeiro (RJ), passando por cidades como Registro, S\u00e3o Paulo, S\u00e3o [&hellip;]","og_url":"https:\/\/aliancasocial.org\/en\/lions-charity-run-2025-brasil-corremos-para-servir\/","og_site_name":"Alian\u00e7a de Miseric\u00f3rdia","article_publisher":"https:\/\/www.facebook.com\/iesmisericordia\/","article_published_time":"2025-09-23T12:29:12+00:00","article_modified_time":"2025-09-23T12:29:17+00:00","og_image":[{"width":1280,"height":474,"url":"https:\/\/aliancasocial.org\/wp-content\/uploads\/2025\/09\/ARTE-LCR-2025.jpg","type":"image\/jpeg"}],"author":"Fernanda Monzambani","twitter_card":"summary_large_image","twitter_misc":{"Written by":"Fernanda Monzambani","Est. reading time":"4 minutes"},"schema":{"@context":"https:\/\/schema.org","@graph":[{"@type":"Article","@id":"https:\/\/aliancasocial.org\/lions-charity-run-2025-brasil-corremos-para-servir\/#article","isPartOf":{"@id":"https:\/\/aliancasocial.org\/lions-charity-run-2025-brasil-corremos-para-servir\/"},"author":{"name":"Fernanda Monzambani","@id":"https:\/\/aliancasocial.org\/#\/schema\/person\/78098b551faec531645dbd5d82778414"},"headline":"Lions Charity Run 2025 Brasil: Corremos para Servir!","datePublished":"2025-09-23T12:29:12+00:00","dateModified":"2025-09-23T12:29:17+00:00","mainEntityOfPage":{"@id":"https:\/\/aliancasocial.org\/lions-charity-run-2025-brasil-corremos-para-servir\/"},"wordCount":586,"publisher":{"@id":"https:\/\/aliancasocial.org\/#organization"},"image":{"@id":"https:\/\/aliancasocial.org\/lions-charity-run-2025-brasil-corremos-para-servir\/#primaryimage"},"thumbnailUrl":"https:\/\/aliancasocial.org\/wp-content\/uploads\/2025\/09\/ARTE-LCR-2025.jpg","articleSection":["Sem Categoria"],"inLanguage":"en-US"},{"@type":"WebPage","@id":"https:\/\/aliancasocial.org\/lions-charity-run-2025-brasil-corremos-para-servir\/","url":"https:\/\/aliancasocial.org\/lions-charity-run-2025-brasil-corremos-para-servir\/","name":"Lions Charity Run 2025 Brasil: Corremos para Servir! - Alian\u00e7a de Miseric\u00f3rdia","isPartOf":{"@id":"https:\/\/aliancasocial.org\/#website"},"primaryImageOfPage":{"@id":"https:\/\/aliancasocial.org\/lions-charity-run-2025-brasil-corremos-para-servir\/#primaryimage"},"image":{"@id":"https:\/\/aliancasocial.org\/lions-charity-run-2025-brasil-corremos-para-servir\/#primaryimage"},"thumbnailUrl":"https:\/\/aliancasocial.org\/wp-content\/uploads\/2025\/09\/ARTE-LCR-2025.jpg","datePublished":"2025-09-23T12:29:12+00:00","dateModified":"2025-09-23T12:29:17+00:00","breadcrumb":{"@id":"https:\/\/aliancasocial.org\/lions-charity-run-2025-brasil-corremos-para-servir\/#breadcrumb"},"inLanguage":"en-US","potentialAction":[{"@type":"ReadAction","target":["https:\/\/aliancasocial.org\/lions-charity-run-2025-brasil-corremos-para-servir\/"]}]},{"@type":"ImageObject","inLanguage":"en-US","@id":"https:\/\/aliancasocial.org\/lions-charity-run-2025-brasil-corremos-para-servir\/#primaryimage","url":"https:\/\/aliancasocial.org\/wp-content\/uploads\/2025\/09\/ARTE-LCR-2025.jpg","contentUrl":"https:\/\/aliancasocial.org\/wp-content\/uploads\/2025\/09\/ARTE-LCR-2025.jpg","width":1280,"height":474},{"@type":"BreadcrumbList","@id":"https:\/\/aliancasocial.org\/lions-charity-run-2025-brasil-corremos-para-servir\/#breadcrumb","itemListElement":[{"@type":"ListItem","position":1,"name":"In\u00edcio","item":"https:\/\/aliancasocial.org\/en\/"},{"@type":"ListItem","position":2,"name":"Lions Charity Run 2025 Brasil: Corremos para Servir!"}]},{"@type":"WebSite","@id":"https:\/\/aliancasocial.org\/#website","url":"https:\/\/aliancasocial.org\/","name":"Covenant of Mercy","description":"Bringing human dignity to every corner of the world","publisher":{"@id":"https:\/\/aliancasocial.org\/#organization"},"potentialAction":[{"@type":"SearchAction","target":{"@type":"EntryPoint","urlTemplate":"https:\/\/aliancasocial.org\/?s={search_term_string}"},"query-input":{"@type":"PropertyValueSpecification","valueRequired":true,"valueName":"search_term_string"}}],"inLanguage":"en-US"},{"@type":"Organization","@id":"https:\/\/aliancasocial.org\/#organization","name":"Covenant of Mercy","url":"https:\/\/aliancasocial.org\/","logo":{"@type":"ImageObject","inLanguage":"en-US","@id":"https:\/\/aliancasocial.org\/#\/schema\/logo\/image\/","url":"https:\/\/aliancasocial.org\/wp-content\/uploads\/2022\/07\/logo-alianca-marrom.svg","contentUrl":"https:\/\/aliancasocial.org\/wp-content\/uploads\/2022\/07\/logo-alianca-marrom.svg","width":91,"height":33,"caption":"Alian\u00e7a de Miseric\u00f3rdia"},"image":{"@id":"https:\/\/aliancasocial.org\/#\/schema\/logo\/image\/"},"sameAs":["https:\/\/www.facebook.com\/iesmisericordia\/","https:\/\/www.instagram.com\/aliancademisericordia\/"]},{"@type":"Person","@id":"https:\/\/aliancasocial.org\/#\/schema\/person\/78098b551faec531645dbd5d82778414","name":"Fernanda Monzambani","image":{"@type":"ImageObject","inLanguage":"en-US","@id":"https:\/\/secure.gravatar.com\/avatar\/aa6d89063e21cd9638051b6cd0602c108d4b79b0898534c712d68409f7e5b64c?s=96&d=mm&r=g","url":"https:\/\/secure.gravatar.com\/avatar\/aa6d89063e21cd9638051b6cd0602c108d4b79b0898534c712d68409f7e5b64c?s=96&d=mm&r=g","contentUrl":"https:\/\/secure.gravatar.com\/avatar\/aa6d89063e21cd9638051b6cd0602c108d4b79b0898534c712d68409f7e5b64c?s=96&d=mm&r=g","caption":"Fernanda Monzambani"},"url":"https:\/\/aliancasocial.org\/en\/author\/fernanda\/"}]}},"_links":{"self":[{"href":"https:\/\/aliancasocial.org\/en\/wp-json\/wp\/v2\/posts\/11899","targetHints":{"allow":["GET"]}}],"collection":[{"href":"https:\/\/aliancasocial.org\/en\/wp-json\/wp\/v2\/posts"}],"about":[{"href":"https:\/\/aliancasocial.org\/en\/wp-json\/wp\/v2\/types\/post"}],"author":[{"embeddable":true,"href":"https:\/\/aliancasocial.org\/en\/wp-json\/wp\/v2\/users\/8"}],"replies":[{"embeddable":true,"href":"https:\/\/aliancasocial.org\/en\/wp-json\/wp\/v2\/comments?post=11899"}],"version-history":[{"count":1,"href":"https:\/\/aliancasocial.org\/en\/wp-json\/wp\/v2\/posts\/11899\/revisions"}],"predecessor-version":[{"id":11901,"href":"https:\/\/aliancasocial.org\/en\/wp-json\/wp\/v2\/posts\/11899\/revisions\/11901"}],"wp:featuredmedia":[{"embeddable":true,"href":"https:\/\/aliancasocial.org\/en\/wp-json\/wp\/v2\/media\/11900"}],"wp:attachment":[{"href":"https:\/\/aliancasocial.org\/en\/wp-json\/wp\/v2\/media?parent=11899"}],"wp:term":[{"taxonomy":"category","embeddable":true,"href":"https:\/\/aliancasocial.org\/en\/wp-json\/wp\/v2\/categories?post=11899"},{"taxonomy":"post_tag","embeddable":true,"href":"https:\/\/aliancasocial.org\/en\/wp-json\/wp\/v2\/tags?post=11899"},{"taxonomy":"destaques","embeddable":true,"href":"https:\/\/aliancasocial.org\/en\/wp-json\/wp\/v2\/destaques?post=11899"}],"curies":[{"name":"wp","href":"https:\/\/api.w.org\/{rel}","templated":true}]}}