{"id":11903,"date":"2025-09-25T15:32:28","date_gmt":"2025-09-25T18:32:28","guid":{"rendered":"https:\/\/aliancasocial.org\/?p=11903"},"modified":"2025-09-25T15:32:34","modified_gmt":"2025-09-25T18:32:34","slug":"olhares-que-falam-revela-a-alma-do-moinho-pelas-lentes-dos-jovens","status":"publish","type":"post","link":"https:\/\/aliancasocial.org\/en\/olhares-que-falam-revela-a-alma-do-moinho-pelas-lentes-dos-jovens\/","title":{"rendered":"Olhares que Falam reveals the soul of the Mill through the lens of young people"},"content":{"rendered":"<p>A territory that, for years, was called home. Streets that hold memories, stories, affections, and struggles. A space that today bids farewell to concrete, but remains alive in the eyes of those who inhabited it. Thus was born the exhibition. <strong>\u201cLooks that Speak\u201d<\/strong>, the result of a photography workshop with 38 teenagers, aged between 12 and 15, attended by <strong><a href=\"https:\/\/www.instagram.com\/oratoriosaodomingos\/\">CCA Santo Domingo Savio<\/a><\/strong>, project of the <strong>Oratory of the Alliance of Mercy<\/strong> in the Moinho community, in S\u00e3o Paulo.<\/p>\n\n\n\n<p>The opening of the exhibition took place on the last day <strong>September 20th<\/strong>, no <strong>Sesc Bom Retiro<\/strong>, and presented the public with images that are more than photographic records: they are memories, feelings and testimonies of those who grew up amidst the transformations of the community \u2014 now in the process of expropriation.<\/p>\n\n\n\n<p><em>&quot;It&#039;s very interesting to think that that photography course, which not long ago was taking place in the alleys of Moinho, has become this powerful exhibition. Each image tells a story and constructs a narrative about this space that may soon cease to exist\u2014and which, for many of these young people, no longer exists.&quot;<\/em>, explains the photographer and curator <strong>Rodrigo Koraicho<\/strong>.<\/p>\n\n\n\n<p>Rodrigo, who has been closely monitoring the situation at Moinho since 2019, says that the idea for the course was always present, but gained urgency with the news of the families&#039; removal. <em>&quot;We wanted them to photograph the place where they were born and raised, so that this memory wouldn&#039;t be lost. Today, these images become part of the city&#039;s history and the struggle of those who resisted here.&quot;<\/em>, complete.<\/p>\n\n\n\n<p><strong>A look that remains<\/strong><\/p>\n\n\n\n<p>For the Alliance of Mercy, the exhibition is also a landmark of its presence and mission. There are <strong>21 years old<\/strong> working in the community, the institution has always sought to be close to families in vulnerable situations, whether through <strong>daycare<\/strong>, of the <strong>Oratory<\/strong> or missionary presence.<\/p>\n\n\n\n<p><em>&quot;Seeing this work come to life in this exhibition is moving. It&#039;s an expression of what we&#039;ve lived through all these years: a genuine commitment to people and the land. Photography gave young people a voice, showing that their stories matter and need to be remembered.&quot;<\/em>, stated <strong>Elida de Freitas Fernandes<\/strong>, director of the CCA.<\/p>\n\n\n\n<p>+ <a href=\"https:\/\/misericordia.com.br\/com-mais-de-duas-decadas-de-missao-alianca-encerra-atividades-na-favela-do-moinho\/\">With more than two decades of mission, Alliance ends activities in Favela do Moinho \u2013 Alliance of Mercy<\/a><\/p>\n\n\n\n<p><strong>Memories in every click<\/strong><\/p>\n\n\n\n<p>For the teenagers who participated in the project, each photograph carries a piece of their own life.<\/p>\n\n\n\n<p><strong>Diego<\/strong>, one of the young photographers, spoke emotionally about his image: <em>&quot;I took a photo that looks like an eye opening and seeing the rooftops. It was difficult to climb to the top of the building to take it, but it was worth it. I&#039;m happy to see my photo at Sesc. It means a lot to me, because this place will no longer exist. I was born, lived, and raised here. I had happy and sad moments. Now this memory remains.&quot;<\/em><\/p>\n\n\n\n<p>Another young man also shared the meaning of his photo, taken in front of a church that marked his history: <em>&quot;This church helped everyone. I was an altar boy there and experienced many important things. Now that it&#039;s being demolished, this image is a piece of me that will remain forever.&quot;<\/em><\/p>\n\n\n\n<p><strong>An oratory where hope flourishes<\/strong><\/p>\n\n\n\n<p>The project was developed in&nbsp;<strong>Saint Dominic Savio Oratory<\/strong>, one of the Child and Adolescent Centers (CCA) maintained by the Alliance of Mercy in the Moinho Favela. The CCA is a socio-educational space that welcomes approximately 120 children and adolescents in situations of social vulnerability daily.<\/p>\n\n\n\n<p>There, after-school classes offer workshops in reading, writing, arts, sports, cultural activities, and spiritual experiences. However, more than activities, what is offered is a space for listening, welcoming, and restoring dignity.<\/p>\n\n\n\n<p><strong>When art evangelizes<\/strong><\/p>\n\n\n\n<p>More than an artistic project, &quot;Olhares que Falam&quot; is a living testament to faith and hope. It&#039;s proof that God also reveals himself in the small stories, in the smiles and tears of those who continue to believe in the future, even when the present seems to be falling apart.<\/p>\n\n\n\n<p>The images produced by the teenagers at CCA S\u00e3o Domingos S\u00e1vio will remain on display until <strong>November 30th<\/strong> node <strong>Sesc Bom Retiro<\/strong>, in S\u00e3o Paulo. Admission is free. <strong>Address: Al. Northmann, 185 \u2013 Bom Retiro, S\u00e3o Paulo\/SP.<\/strong><\/p>","protected":false},"excerpt":{"rendered":"<p>Um territ\u00f3rio que, por anos, foi chamado de casa. Ruas que guardam mem\u00f3rias, hist\u00f3rias, afetos e lutas. Um espa\u00e7o que hoje se despede do concreto, mas permanece vivo no olhar de quem o habitou. Assim nasceu a exposi\u00e7\u00e3o \u201cOlhares que Falam\u201d, fruto de uma oficina de fotografia com 38 adolescentes, entre 12 e 15 anos,&nbsp;atendidos [&hellip;]<\/p>\n","protected":false},"author":8,"featured_media":11904,"comment_status":"closed","ping_status":"closed","sticky":false,"template":"","format":"standard","meta":{"footnotes":""},"categories":[1],"tags":[],"destaques":[37],"class_list":["post-11903","post","type-post","status-publish","format-standard","has-post-thumbnail","hentry","category-sem-categoria","destaques-destaque-02"],"yoast_head":"<!-- This site is optimized with the Yoast SEO plugin v27.4 - https:\/\/yoast.com\/product\/yoast-seo-wordpress\/ -->\n<title>Olhares que Falam revela a alma do Moinho pelas lentes dos jovens - Alian\u00e7a de Miseric\u00f3rdia<\/title>\n<meta name=\"robots\" content=\"index, follow, max-snippet:-1, max-image-preview:large, max-video-preview:-1\" \/>\n<link rel=\"canonical\" href=\"https:\/\/aliancasocial.org\/en\/olhares-que-falam-revela-a-alma-do-moinho-pelas-lentes-dos-jovens\/\" \/>\n<meta property=\"og:locale\" content=\"en_US\" \/>\n<meta property=\"og:type\" content=\"article\" \/>\n<meta property=\"og:title\" content=\"Olhares que Falam revela a alma do Moinho pelas lentes dos jovens - Alian\u00e7a de Miseric\u00f3rdia\" \/>\n<meta property=\"og:description\" content=\"Um territ\u00f3rio que, por anos, foi chamado de casa. Ruas que guardam mem\u00f3rias, hist\u00f3rias, afetos e lutas. Um espa\u00e7o que hoje se despede do concreto, mas permanece vivo no olhar de quem o habitou. Assim nasceu a exposi\u00e7\u00e3o \u201cOlhares que Falam\u201d, fruto de uma oficina de fotografia com 38 adolescentes, entre 12 e 15 anos,&nbsp;atendidos [&hellip;]\" \/>\n<meta property=\"og:url\" content=\"https:\/\/aliancasocial.org\/en\/olhares-que-falam-revela-a-alma-do-moinho-pelas-lentes-dos-jovens\/\" \/>\n<meta property=\"og:site_name\" content=\"Alian\u00e7a de Miseric\u00f3rdia\" \/>\n<meta property=\"article:publisher\" content=\"https:\/\/www.facebook.com\/iesmisericordia\/\" \/>\n<meta property=\"article:published_time\" content=\"2025-09-25T18:32:28+00:00\" \/>\n<meta property=\"article:modified_time\" content=\"2025-09-25T18:32:34+00:00\" \/>\n<meta property=\"og:image\" content=\"https:\/\/aliancasocial.org\/wp-content\/uploads\/2025\/09\/HEM09542-scaled.jpg\" \/>\n\t<meta property=\"og:image:width\" content=\"2560\" \/>\n\t<meta property=\"og:image:height\" content=\"1441\" \/>\n\t<meta property=\"og:image:type\" content=\"image\/jpeg\" \/>\n<meta name=\"author\" content=\"Fernanda Monzambani\" \/>\n<meta name=\"twitter:card\" content=\"summary_large_image\" \/>\n<meta name=\"twitter:label1\" content=\"Written by\" \/>\n\t<meta name=\"twitter:data1\" content=\"Fernanda Monzambani\" \/>\n\t<meta name=\"twitter:label2\" content=\"Est. reading time\" \/>\n\t<meta name=\"twitter:data2\" content=\"4 minutes\" \/>\n<script type=\"application\/ld+json\" class=\"yoast-schema-graph\">{\"@context\":\"https:\\\/\\\/schema.org\",\"@graph\":[{\"@type\":\"Article\",\"@id\":\"https:\\\/\\\/aliancasocial.org\\\/olhares-que-falam-revela-a-alma-do-moinho-pelas-lentes-dos-jovens\\\/#article\",\"isPartOf\":{\"@id\":\"https:\\\/\\\/aliancasocial.org\\\/olhares-que-falam-revela-a-alma-do-moinho-pelas-lentes-dos-jovens\\\/\"},\"author\":{\"name\":\"Fernanda Monzambani\",\"@id\":\"https:\\\/\\\/aliancasocial.org\\\/#\\\/schema\\\/person\\\/73a690df527bfd7df78ba35714ff67d4\"},\"headline\":\"Olhares que Falam revela a alma do Moinho pelas lentes dos jovens\",\"datePublished\":\"2025-09-25T18:32:28+00:00\",\"dateModified\":\"2025-09-25T18:32:34+00:00\",\"mainEntityOfPage\":{\"@id\":\"https:\\\/\\\/aliancasocial.org\\\/olhares-que-falam-revela-a-alma-do-moinho-pelas-lentes-dos-jovens\\\/\"},\"wordCount\":764,\"publisher\":{\"@id\":\"https:\\\/\\\/aliancasocial.org\\\/#organization\"},\"image\":{\"@id\":\"https:\\\/\\\/aliancasocial.org\\\/olhares-que-falam-revela-a-alma-do-moinho-pelas-lentes-dos-jovens\\\/#primaryimage\"},\"thumbnailUrl\":\"https:\\\/\\\/aliancasocial.org\\\/wp-content\\\/uploads\\\/2025\\\/09\\\/HEM09542-scaled.jpg\",\"articleSection\":[\"Sem Categoria\"],\"inLanguage\":\"en-US\"},{\"@type\":\"WebPage\",\"@id\":\"https:\\\/\\\/aliancasocial.org\\\/olhares-que-falam-revela-a-alma-do-moinho-pelas-lentes-dos-jovens\\\/\",\"url\":\"https:\\\/\\\/aliancasocial.org\\\/olhares-que-falam-revela-a-alma-do-moinho-pelas-lentes-dos-jovens\\\/\",\"name\":\"Olhares que Falam revela a alma do Moinho pelas lentes dos jovens - Alian\u00e7a de Miseric\u00f3rdia\",\"isPartOf\":{\"@id\":\"https:\\\/\\\/aliancasocial.org\\\/#website\"},\"primaryImageOfPage\":{\"@id\":\"https:\\\/\\\/aliancasocial.org\\\/olhares-que-falam-revela-a-alma-do-moinho-pelas-lentes-dos-jovens\\\/#primaryimage\"},\"image\":{\"@id\":\"https:\\\/\\\/aliancasocial.org\\\/olhares-que-falam-revela-a-alma-do-moinho-pelas-lentes-dos-jovens\\\/#primaryimage\"},\"thumbnailUrl\":\"https:\\\/\\\/aliancasocial.org\\\/wp-content\\\/uploads\\\/2025\\\/09\\\/HEM09542-scaled.jpg\",\"datePublished\":\"2025-09-25T18:32:28+00:00\",\"dateModified\":\"2025-09-25T18:32:34+00:00\",\"breadcrumb\":{\"@id\":\"https:\\\/\\\/aliancasocial.org\\\/olhares-que-falam-revela-a-alma-do-moinho-pelas-lentes-dos-jovens\\\/#breadcrumb\"},\"inLanguage\":\"en-US\",\"potentialAction\":[{\"@type\":\"ReadAction\",\"target\":[\"https:\\\/\\\/aliancasocial.org\\\/olhares-que-falam-revela-a-alma-do-moinho-pelas-lentes-dos-jovens\\\/\"]}]},{\"@type\":\"ImageObject\",\"inLanguage\":\"en-US\",\"@id\":\"https:\\\/\\\/aliancasocial.org\\\/olhares-que-falam-revela-a-alma-do-moinho-pelas-lentes-dos-jovens\\\/#primaryimage\",\"url\":\"https:\\\/\\\/aliancasocial.org\\\/wp-content\\\/uploads\\\/2025\\\/09\\\/HEM09542-scaled.jpg\",\"contentUrl\":\"https:\\\/\\\/aliancasocial.org\\\/wp-content\\\/uploads\\\/2025\\\/09\\\/HEM09542-scaled.jpg\",\"width\":2560,\"height\":1441},{\"@type\":\"BreadcrumbList\",\"@id\":\"https:\\\/\\\/aliancasocial.org\\\/olhares-que-falam-revela-a-alma-do-moinho-pelas-lentes-dos-jovens\\\/#breadcrumb\",\"itemListElement\":[{\"@type\":\"ListItem\",\"position\":1,\"name\":\"In\u00edcio\",\"item\":\"https:\\\/\\\/aliancasocial.org\\\/en\\\/\"},{\"@type\":\"ListItem\",\"position\":2,\"name\":\"Olhares que Falam revela a alma do Moinho pelas lentes dos jovens\"}]},{\"@type\":\"WebSite\",\"@id\":\"https:\\\/\\\/aliancasocial.org\\\/#website\",\"url\":\"https:\\\/\\\/aliancasocial.org\\\/\",\"name\":\"Alian\u00e7a de Miseric\u00f3rdia\",\"description\":\"Levando dignidade humana a todos os cantos do mundo\",\"publisher\":{\"@id\":\"https:\\\/\\\/aliancasocial.org\\\/#organization\"},\"potentialAction\":[{\"@type\":\"SearchAction\",\"target\":{\"@type\":\"EntryPoint\",\"urlTemplate\":\"https:\\\/\\\/aliancasocial.org\\\/?s={search_term_string}\"},\"query-input\":{\"@type\":\"PropertyValueSpecification\",\"valueRequired\":true,\"valueName\":\"search_term_string\"}}],\"inLanguage\":\"en-US\"},{\"@type\":\"Organization\",\"@id\":\"https:\\\/\\\/aliancasocial.org\\\/#organization\",\"name\":\"Alian\u00e7a de Miseric\u00f3rdia\",\"url\":\"https:\\\/\\\/aliancasocial.org\\\/\",\"logo\":{\"@type\":\"ImageObject\",\"inLanguage\":\"en-US\",\"@id\":\"https:\\\/\\\/aliancasocial.org\\\/#\\\/schema\\\/logo\\\/image\\\/\",\"url\":\"https:\\\/\\\/aliancasocial.org\\\/wp-content\\\/uploads\\\/2022\\\/07\\\/logo-alianca-marrom.svg\",\"contentUrl\":\"https:\\\/\\\/aliancasocial.org\\\/wp-content\\\/uploads\\\/2022\\\/07\\\/logo-alianca-marrom.svg\",\"width\":91,\"height\":33,\"caption\":\"Alian\u00e7a de Miseric\u00f3rdia\"},\"image\":{\"@id\":\"https:\\\/\\\/aliancasocial.org\\\/#\\\/schema\\\/logo\\\/image\\\/\"},\"sameAs\":[\"https:\\\/\\\/www.facebook.com\\\/iesmisericordia\\\/\",\"https:\\\/\\\/www.instagram.com\\\/aliancademisericordia\\\/\"]},{\"@type\":\"Person\",\"@id\":\"https:\\\/\\\/aliancasocial.org\\\/#\\\/schema\\\/person\\\/73a690df527bfd7df78ba35714ff67d4\",\"name\":\"Fernanda Monzambani\",\"image\":{\"@type\":\"ImageObject\",\"inLanguage\":\"en-US\",\"@id\":\"https:\\\/\\\/secure.gravatar.com\\\/avatar\\\/aa6d89063e21cd9638051b6cd0602c108d4b79b0898534c712d68409f7e5b64c?s=96&d=mm&r=g\",\"url\":\"https:\\\/\\\/secure.gravatar.com\\\/avatar\\\/aa6d89063e21cd9638051b6cd0602c108d4b79b0898534c712d68409f7e5b64c?s=96&d=mm&r=g\",\"contentUrl\":\"https:\\\/\\\/secure.gravatar.com\\\/avatar\\\/aa6d89063e21cd9638051b6cd0602c108d4b79b0898534c712d68409f7e5b64c?s=96&d=mm&r=g\",\"caption\":\"Fernanda Monzambani\"},\"url\":\"https:\\\/\\\/aliancasocial.org\\\/en\\\/author\\\/fernanda\\\/\"}]}<\/script>\n<!-- \/ Yoast SEO plugin. -->","yoast_head_json":{"title":"Olhares que Falam revela a alma do Moinho pelas lentes dos jovens - Alian\u00e7a de Miseric\u00f3rdia","robots":{"index":"index","follow":"follow","max-snippet":"max-snippet:-1","max-image-preview":"max-image-preview:large","max-video-preview":"max-video-preview:-1"},"canonical":"https:\/\/aliancasocial.org\/en\/olhares-que-falam-revela-a-alma-do-moinho-pelas-lentes-dos-jovens\/","og_locale":"en_US","og_type":"article","og_title":"Olhares que Falam revela a alma do Moinho pelas lentes dos jovens - Alian\u00e7a de Miseric\u00f3rdia","og_description":"Um territ\u00f3rio que, por anos, foi chamado de casa. Ruas que guardam mem\u00f3rias, hist\u00f3rias, afetos e lutas. Um espa\u00e7o que hoje se despede do concreto, mas permanece vivo no olhar de quem o habitou. Assim nasceu a exposi\u00e7\u00e3o \u201cOlhares que Falam\u201d, fruto de uma oficina de fotografia com 38 adolescentes, entre 12 e 15 anos,&nbsp;atendidos [&hellip;]","og_url":"https:\/\/aliancasocial.org\/en\/olhares-que-falam-revela-a-alma-do-moinho-pelas-lentes-dos-jovens\/","og_site_name":"Alian\u00e7a de Miseric\u00f3rdia","article_publisher":"https:\/\/www.facebook.com\/iesmisericordia\/","article_published_time":"2025-09-25T18:32:28+00:00","article_modified_time":"2025-09-25T18:32:34+00:00","og_image":[{"width":2560,"height":1441,"url":"https:\/\/aliancasocial.org\/wp-content\/uploads\/2025\/09\/HEM09542-scaled.jpg","type":"image\/jpeg"}],"author":"Fernanda Monzambani","twitter_card":"summary_large_image","twitter_misc":{"Written by":"Fernanda Monzambani","Est. reading time":"4 minutes"},"schema":{"@context":"https:\/\/schema.org","@graph":[{"@type":"Article","@id":"https:\/\/aliancasocial.org\/olhares-que-falam-revela-a-alma-do-moinho-pelas-lentes-dos-jovens\/#article","isPartOf":{"@id":"https:\/\/aliancasocial.org\/olhares-que-falam-revela-a-alma-do-moinho-pelas-lentes-dos-jovens\/"},"author":{"name":"Fernanda Monzambani","@id":"https:\/\/aliancasocial.org\/#\/schema\/person\/73a690df527bfd7df78ba35714ff67d4"},"headline":"Olhares que Falam revela a alma do Moinho pelas lentes dos jovens","datePublished":"2025-09-25T18:32:28+00:00","dateModified":"2025-09-25T18:32:34+00:00","mainEntityOfPage":{"@id":"https:\/\/aliancasocial.org\/olhares-que-falam-revela-a-alma-do-moinho-pelas-lentes-dos-jovens\/"},"wordCount":764,"publisher":{"@id":"https:\/\/aliancasocial.org\/#organization"},"image":{"@id":"https:\/\/aliancasocial.org\/olhares-que-falam-revela-a-alma-do-moinho-pelas-lentes-dos-jovens\/#primaryimage"},"thumbnailUrl":"https:\/\/aliancasocial.org\/wp-content\/uploads\/2025\/09\/HEM09542-scaled.jpg","articleSection":["Sem Categoria"],"inLanguage":"en-US"},{"@type":"WebPage","@id":"https:\/\/aliancasocial.org\/olhares-que-falam-revela-a-alma-do-moinho-pelas-lentes-dos-jovens\/","url":"https:\/\/aliancasocial.org\/olhares-que-falam-revela-a-alma-do-moinho-pelas-lentes-dos-jovens\/","name":"Olhares que Falam revela a alma do Moinho pelas lentes dos jovens - Alian\u00e7a de Miseric\u00f3rdia","isPartOf":{"@id":"https:\/\/aliancasocial.org\/#website"},"primaryImageOfPage":{"@id":"https:\/\/aliancasocial.org\/olhares-que-falam-revela-a-alma-do-moinho-pelas-lentes-dos-jovens\/#primaryimage"},"image":{"@id":"https:\/\/aliancasocial.org\/olhares-que-falam-revela-a-alma-do-moinho-pelas-lentes-dos-jovens\/#primaryimage"},"thumbnailUrl":"https:\/\/aliancasocial.org\/wp-content\/uploads\/2025\/09\/HEM09542-scaled.jpg","datePublished":"2025-09-25T18:32:28+00:00","dateModified":"2025-09-25T18:32:34+00:00","breadcrumb":{"@id":"https:\/\/aliancasocial.org\/olhares-que-falam-revela-a-alma-do-moinho-pelas-lentes-dos-jovens\/#breadcrumb"},"inLanguage":"en-US","potentialAction":[{"@type":"ReadAction","target":["https:\/\/aliancasocial.org\/olhares-que-falam-revela-a-alma-do-moinho-pelas-lentes-dos-jovens\/"]}]},{"@type":"ImageObject","inLanguage":"en-US","@id":"https:\/\/aliancasocial.org\/olhares-que-falam-revela-a-alma-do-moinho-pelas-lentes-dos-jovens\/#primaryimage","url":"https:\/\/aliancasocial.org\/wp-content\/uploads\/2025\/09\/HEM09542-scaled.jpg","contentUrl":"https:\/\/aliancasocial.org\/wp-content\/uploads\/2025\/09\/HEM09542-scaled.jpg","width":2560,"height":1441},{"@type":"BreadcrumbList","@id":"https:\/\/aliancasocial.org\/olhares-que-falam-revela-a-alma-do-moinho-pelas-lentes-dos-jovens\/#breadcrumb","itemListElement":[{"@type":"ListItem","position":1,"name":"In\u00edcio","item":"https:\/\/aliancasocial.org\/en\/"},{"@type":"ListItem","position":2,"name":"Olhares que Falam revela a alma do Moinho pelas lentes dos jovens"}]},{"@type":"WebSite","@id":"https:\/\/aliancasocial.org\/#website","url":"https:\/\/aliancasocial.org\/","name":"Covenant of Mercy","description":"Bringing human dignity to every corner of the world","publisher":{"@id":"https:\/\/aliancasocial.org\/#organization"},"potentialAction":[{"@type":"SearchAction","target":{"@type":"EntryPoint","urlTemplate":"https:\/\/aliancasocial.org\/?s={search_term_string}"},"query-input":{"@type":"PropertyValueSpecification","valueRequired":true,"valueName":"search_term_string"}}],"inLanguage":"en-US"},{"@type":"Organization","@id":"https:\/\/aliancasocial.org\/#organization","name":"Covenant of Mercy","url":"https:\/\/aliancasocial.org\/","logo":{"@type":"ImageObject","inLanguage":"en-US","@id":"https:\/\/aliancasocial.org\/#\/schema\/logo\/image\/","url":"https:\/\/aliancasocial.org\/wp-content\/uploads\/2022\/07\/logo-alianca-marrom.svg","contentUrl":"https:\/\/aliancasocial.org\/wp-content\/uploads\/2022\/07\/logo-alianca-marrom.svg","width":91,"height":33,"caption":"Alian\u00e7a de Miseric\u00f3rdia"},"image":{"@id":"https:\/\/aliancasocial.org\/#\/schema\/logo\/image\/"},"sameAs":["https:\/\/www.facebook.com\/iesmisericordia\/","https:\/\/www.instagram.com\/aliancademisericordia\/"]},{"@type":"Person","@id":"https:\/\/aliancasocial.org\/#\/schema\/person\/73a690df527bfd7df78ba35714ff67d4","name":"Fernanda Monzambani","image":{"@type":"ImageObject","inLanguage":"en-US","@id":"https:\/\/secure.gravatar.com\/avatar\/aa6d89063e21cd9638051b6cd0602c108d4b79b0898534c712d68409f7e5b64c?s=96&d=mm&r=g","url":"https:\/\/secure.gravatar.com\/avatar\/aa6d89063e21cd9638051b6cd0602c108d4b79b0898534c712d68409f7e5b64c?s=96&d=mm&r=g","contentUrl":"https:\/\/secure.gravatar.com\/avatar\/aa6d89063e21cd9638051b6cd0602c108d4b79b0898534c712d68409f7e5b64c?s=96&d=mm&r=g","caption":"Fernanda Monzambani"},"url":"https:\/\/aliancasocial.org\/en\/author\/fernanda\/"}]}},"_links":{"self":[{"href":"https:\/\/aliancasocial.org\/en\/wp-json\/wp\/v2\/posts\/11903","targetHints":{"allow":["GET"]}}],"collection":[{"href":"https:\/\/aliancasocial.org\/en\/wp-json\/wp\/v2\/posts"}],"about":[{"href":"https:\/\/aliancasocial.org\/en\/wp-json\/wp\/v2\/types\/post"}],"author":[{"embeddable":true,"href":"https:\/\/aliancasocial.org\/en\/wp-json\/wp\/v2\/users\/8"}],"replies":[{"embeddable":true,"href":"https:\/\/aliancasocial.org\/en\/wp-json\/wp\/v2\/comments?post=11903"}],"version-history":[{"count":1,"href":"https:\/\/aliancasocial.org\/en\/wp-json\/wp\/v2\/posts\/11903\/revisions"}],"predecessor-version":[{"id":11905,"href":"https:\/\/aliancasocial.org\/en\/wp-json\/wp\/v2\/posts\/11903\/revisions\/11905"}],"wp:featuredmedia":[{"embeddable":true,"href":"https:\/\/aliancasocial.org\/en\/wp-json\/wp\/v2\/media\/11904"}],"wp:attachment":[{"href":"https:\/\/aliancasocial.org\/en\/wp-json\/wp\/v2\/media?parent=11903"}],"wp:term":[{"taxonomy":"category","embeddable":true,"href":"https:\/\/aliancasocial.org\/en\/wp-json\/wp\/v2\/categories?post=11903"},{"taxonomy":"post_tag","embeddable":true,"href":"https:\/\/aliancasocial.org\/en\/wp-json\/wp\/v2\/tags?post=11903"},{"taxonomy":"destaques","embeddable":true,"href":"https:\/\/aliancasocial.org\/en\/wp-json\/wp\/v2\/destaques?post=11903"}],"curies":[{"name":"wp","href":"https:\/\/api.w.org\/{rel}","templated":true}]}}