{"id":11906,"date":"2025-10-01T11:42:40","date_gmt":"2025-10-01T14:42:40","guid":{"rendered":"https:\/\/aliancasocial.org\/?p=11906"},"modified":"2025-10-01T11:42:43","modified_gmt":"2025-10-01T14:42:43","slug":"vila-cuore-da-alianca-de-misericordia-sera-beneficiado-com-fundos-arrecadados-pela-14a-edicao-da-corrida-lions-charity-run-2025","status":"publish","type":"post","link":"https:\/\/aliancasocial.org\/en\/vila-cuore-da-alianca-de-misericordia-sera-beneficiado-com-fundos-arrecadados-pela-14a-edicao-da-corrida-lions-charity-run-2025\/","title":{"rendered":"Vila Cuore of the Alliance of Mercy will benefit from funds raised by the 14th edition of the Lions Charity Run 2025\u00a0"},"content":{"rendered":"<p>On September 29th and 30th, S\u00e3o Paulo hosted a stage of the <strong>14th edition of the Lions Charity Run under the motto \u201cWe Run, We Serve!\u201d<\/strong> (We Run, We Serve), organized by the Lions Clubs Poland and Brazil, with the purpose of raising funds to help needy children in Brazil. With a total route of 839 km, from Curitiba\/PR, passing through Registro, S\u00e3o Paulo, S\u00e3o Jos\u00e9 dos Campos, Guaratinguet\u00e1, Resende, Juiz de Fora to Rio de Janeiro, part of the proceeds will be donated to the Vila Cuore project of the Alliance of Mercy.&nbsp;<\/p>\n\n\n\n<p>Eight runners from 2 countries and Brazil, in addition to the race&#039;s founder, the Polish businessman, <strong>Mariusz Szeib <\/strong>were welcomed at the Immaculate House of the Holy Spirit, headquarters of the Alliance, by <strong>Father Luiz Fabio Peixoto,<\/strong> for lunch, and then they visited Vila Cuore, which will receive part of the final amount raised, ending the day with another stretch of the race in Parque Vila Lobos.&nbsp;&nbsp;<\/p>\n\n\n\n<p>On the 30th, the race took place at Ibirapuera Park with the presence of <strong>Renato Limongi, Administrative Superintendent of the Alliance<\/strong> and the corridors <strong>Susanne Hindahl-Reede, Germany, Arkadiusz Dybiec, Roman Monastyrskyy, Prof. Jacek Tr\u0119becki, Marek Kulpa, Karolina Bara\u0142kiewicz-Sokal, and Mariusz Szeib, all from Poland, in addition to other registered runners.<\/strong>&nbsp;<\/p>\n\n\n\n<p><strong>Mariusz Szeib, race founder, businessman, marathon runner, former District Governor of the Lions Clubs of Poland<\/strong> met the Alliance in Poland during a Mass, where missionaries introduced the institution. She decided to bring the race to Brazil because of the work it did and because the president of Lions International, <strong>Fabr\u00edcio Oliveira,<\/strong> to be Brazilian.<strong> When visiting Vila Cuore, he reaffirmed <\/strong>feel that I could have in relation to the Alliance <em>&quot;I&#039;m completely confident that the funds we raise will be invested 100%. I&#039;m impressed by the children we&#039;ve seen so far. I&#039;m convinced that something fantastic can be done for these children, and that conviction was confirmed here at Vila Cuore.&quot;<\/em>&nbsp;<\/p>\n\n\n\n<p>Since 2018, Vila Cuore \u2013 the Alliance of Mercy&#039;s Education and Professional Training Center \u2013 has been operating in Parque Taipas, in the northern part of S\u00e3o Paulo, offering tutoring, sports, culture, and workshops in sewing, IT, and gastronomy. It features a model industrial kitchen and a Children and Adolescent Center (CCA) that serves participants after school. The program includes children aged 6 and older, adolescents, and adults, promoting inclusion, education, and social transformation.&nbsp;<\/p>\n\n\n\n<p><em>&quot;The partnership benefits both sides: Lions, a volunteer humanitarian organization dedicated to serving the community, joins forces with the Alliance of Mercy, which also works to integrate and support those most in need. The Lions Charity Run represents a charity run, with proceeds going to institutions in Juiz de Fora and S\u00e3o Paulo, reinforcing the motto &quot;We run, we serve&quot; for children and vulnerable people, and the Alliance does a wonderful job of serving those most in need.&quot;<\/em> evaluates <strong>Rodrigo Lavieri, Governor of Lions Club District 2 Brazil<\/strong>.&nbsp;<\/p>","protected":false},"excerpt":{"rendered":"<p>Nos dias 29 e 30 de setembro, S\u00e3o Paulo recebeu uma etapa da 14\u00aa edi\u00e7\u00e3o da corrida Lions Charity Run sob o lema \u201cWe Run, We Serve!\u201d (N\u00f3s corremos, n\u00f3s servimos), organizada pelos Lions Club Pol\u00f4nia e Brasil, com a finalidade de arrecadar fundos para ajudar crian\u00e7as carentes no Brasil. Com percurso total de 839km, [&hellip;]<\/p>\n","protected":false},"author":8,"featured_media":11907,"comment_status":"closed","ping_status":"closed","sticky":false,"template":"","format":"standard","meta":{"footnotes":""},"categories":[1],"tags":[],"destaques":[38],"class_list":["post-11906","post","type-post","status-publish","format-standard","has-post-thumbnail","hentry","category-sem-categoria","destaques-destaque-03"],"yoast_head":"<!-- This site is optimized with the Yoast SEO plugin v27.4 - https:\/\/yoast.com\/product\/yoast-seo-wordpress\/ -->\n<title>Vila Cuore da Alian\u00e7a de Miseric\u00f3rdia ser\u00e1 beneficiado com fundos arrecadados pela 14\u00aa edi\u00e7\u00e3o da corrida Lions Charity Run 2025\u00a0 - Alian\u00e7a de Miseric\u00f3rdia<\/title>\n<meta name=\"robots\" content=\"index, follow, max-snippet:-1, max-image-preview:large, max-video-preview:-1\" \/>\n<link rel=\"canonical\" href=\"https:\/\/aliancasocial.org\/en\/vila-cuore-da-alianca-de-misericordia-sera-beneficiado-com-fundos-arrecadados-pela-14a-edicao-da-corrida-lions-charity-run-2025\/\" \/>\n<meta property=\"og:locale\" content=\"en_US\" \/>\n<meta property=\"og:type\" content=\"article\" \/>\n<meta property=\"og:title\" content=\"Vila Cuore da Alian\u00e7a de Miseric\u00f3rdia ser\u00e1 beneficiado com fundos arrecadados pela 14\u00aa edi\u00e7\u00e3o da corrida Lions Charity Run 2025\u00a0 - Alian\u00e7a de Miseric\u00f3rdia\" \/>\n<meta property=\"og:description\" content=\"Nos dias 29 e 30 de setembro, S\u00e3o Paulo recebeu uma etapa da 14\u00aa edi\u00e7\u00e3o da corrida Lions Charity Run sob o lema \u201cWe Run, We Serve!\u201d (N\u00f3s corremos, n\u00f3s servimos), organizada pelos Lions Club Pol\u00f4nia e Brasil, com a finalidade de arrecadar fundos para ajudar crian\u00e7as carentes no Brasil. Com percurso total de 839km, [&hellip;]\" \/>\n<meta property=\"og:url\" content=\"https:\/\/aliancasocial.org\/en\/vila-cuore-da-alianca-de-misericordia-sera-beneficiado-com-fundos-arrecadados-pela-14a-edicao-da-corrida-lions-charity-run-2025\/\" \/>\n<meta property=\"og:site_name\" content=\"Alian\u00e7a de Miseric\u00f3rdia\" \/>\n<meta property=\"article:publisher\" content=\"https:\/\/www.facebook.com\/iesmisericordia\/\" \/>\n<meta property=\"article:published_time\" content=\"2025-10-01T14:42:40+00:00\" \/>\n<meta property=\"article:modified_time\" content=\"2025-10-01T14:42:43+00:00\" \/>\n<meta property=\"og:image\" content=\"https:\/\/aliancasocial.org\/wp-content\/uploads\/2025\/10\/HEM09706-scaled.jpg\" \/>\n\t<meta property=\"og:image:width\" content=\"2560\" \/>\n\t<meta property=\"og:image:height\" content=\"1441\" \/>\n\t<meta property=\"og:image:type\" content=\"image\/jpeg\" \/>\n<meta name=\"author\" content=\"Fernanda Monzambani\" \/>\n<meta name=\"twitter:card\" content=\"summary_large_image\" \/>\n<meta name=\"twitter:label1\" content=\"Written by\" \/>\n\t<meta name=\"twitter:data1\" content=\"Fernanda Monzambani\" \/>\n\t<meta name=\"twitter:label2\" content=\"Est. reading time\" \/>\n\t<meta name=\"twitter:data2\" content=\"3 minutes\" \/>\n<script type=\"application\/ld+json\" class=\"yoast-schema-graph\">{\"@context\":\"https:\\\/\\\/schema.org\",\"@graph\":[{\"@type\":\"Article\",\"@id\":\"https:\\\/\\\/aliancasocial.org\\\/vila-cuore-da-alianca-de-misericordia-sera-beneficiado-com-fundos-arrecadados-pela-14a-edicao-da-corrida-lions-charity-run-2025\\\/#article\",\"isPartOf\":{\"@id\":\"https:\\\/\\\/aliancasocial.org\\\/vila-cuore-da-alianca-de-misericordia-sera-beneficiado-com-fundos-arrecadados-pela-14a-edicao-da-corrida-lions-charity-run-2025\\\/\"},\"author\":{\"name\":\"Fernanda Monzambani\",\"@id\":\"https:\\\/\\\/aliancasocial.org\\\/#\\\/schema\\\/person\\\/73a690df527bfd7df78ba35714ff67d4\"},\"headline\":\"Vila Cuore da Alian\u00e7a de Miseric\u00f3rdia ser\u00e1 beneficiado com fundos arrecadados pela 14\u00aa edi\u00e7\u00e3o da corrida Lions Charity Run 2025\u00a0\",\"datePublished\":\"2025-10-01T14:42:40+00:00\",\"dateModified\":\"2025-10-01T14:42:43+00:00\",\"mainEntityOfPage\":{\"@id\":\"https:\\\/\\\/aliancasocial.org\\\/vila-cuore-da-alianca-de-misericordia-sera-beneficiado-com-fundos-arrecadados-pela-14a-edicao-da-corrida-lions-charity-run-2025\\\/\"},\"wordCount\":560,\"publisher\":{\"@id\":\"https:\\\/\\\/aliancasocial.org\\\/#organization\"},\"image\":{\"@id\":\"https:\\\/\\\/aliancasocial.org\\\/vila-cuore-da-alianca-de-misericordia-sera-beneficiado-com-fundos-arrecadados-pela-14a-edicao-da-corrida-lions-charity-run-2025\\\/#primaryimage\"},\"thumbnailUrl\":\"https:\\\/\\\/aliancasocial.org\\\/wp-content\\\/uploads\\\/2025\\\/10\\\/HEM09706-scaled.jpg\",\"articleSection\":[\"Sem Categoria\"],\"inLanguage\":\"en-US\"},{\"@type\":\"WebPage\",\"@id\":\"https:\\\/\\\/aliancasocial.org\\\/vila-cuore-da-alianca-de-misericordia-sera-beneficiado-com-fundos-arrecadados-pela-14a-edicao-da-corrida-lions-charity-run-2025\\\/\",\"url\":\"https:\\\/\\\/aliancasocial.org\\\/vila-cuore-da-alianca-de-misericordia-sera-beneficiado-com-fundos-arrecadados-pela-14a-edicao-da-corrida-lions-charity-run-2025\\\/\",\"name\":\"Vila Cuore da Alian\u00e7a de Miseric\u00f3rdia ser\u00e1 beneficiado com fundos arrecadados pela 14\u00aa edi\u00e7\u00e3o da corrida Lions Charity Run 2025\u00a0 - Alian\u00e7a de Miseric\u00f3rdia\",\"isPartOf\":{\"@id\":\"https:\\\/\\\/aliancasocial.org\\\/#website\"},\"primaryImageOfPage\":{\"@id\":\"https:\\\/\\\/aliancasocial.org\\\/vila-cuore-da-alianca-de-misericordia-sera-beneficiado-com-fundos-arrecadados-pela-14a-edicao-da-corrida-lions-charity-run-2025\\\/#primaryimage\"},\"image\":{\"@id\":\"https:\\\/\\\/aliancasocial.org\\\/vila-cuore-da-alianca-de-misericordia-sera-beneficiado-com-fundos-arrecadados-pela-14a-edicao-da-corrida-lions-charity-run-2025\\\/#primaryimage\"},\"thumbnailUrl\":\"https:\\\/\\\/aliancasocial.org\\\/wp-content\\\/uploads\\\/2025\\\/10\\\/HEM09706-scaled.jpg\",\"datePublished\":\"2025-10-01T14:42:40+00:00\",\"dateModified\":\"2025-10-01T14:42:43+00:00\",\"breadcrumb\":{\"@id\":\"https:\\\/\\\/aliancasocial.org\\\/vila-cuore-da-alianca-de-misericordia-sera-beneficiado-com-fundos-arrecadados-pela-14a-edicao-da-corrida-lions-charity-run-2025\\\/#breadcrumb\"},\"inLanguage\":\"en-US\",\"potentialAction\":[{\"@type\":\"ReadAction\",\"target\":[\"https:\\\/\\\/aliancasocial.org\\\/vila-cuore-da-alianca-de-misericordia-sera-beneficiado-com-fundos-arrecadados-pela-14a-edicao-da-corrida-lions-charity-run-2025\\\/\"]}]},{\"@type\":\"ImageObject\",\"inLanguage\":\"en-US\",\"@id\":\"https:\\\/\\\/aliancasocial.org\\\/vila-cuore-da-alianca-de-misericordia-sera-beneficiado-com-fundos-arrecadados-pela-14a-edicao-da-corrida-lions-charity-run-2025\\\/#primaryimage\",\"url\":\"https:\\\/\\\/aliancasocial.org\\\/wp-content\\\/uploads\\\/2025\\\/10\\\/HEM09706-scaled.jpg\",\"contentUrl\":\"https:\\\/\\\/aliancasocial.org\\\/wp-content\\\/uploads\\\/2025\\\/10\\\/HEM09706-scaled.jpg\",\"width\":2560,\"height\":1441},{\"@type\":\"BreadcrumbList\",\"@id\":\"https:\\\/\\\/aliancasocial.org\\\/vila-cuore-da-alianca-de-misericordia-sera-beneficiado-com-fundos-arrecadados-pela-14a-edicao-da-corrida-lions-charity-run-2025\\\/#breadcrumb\",\"itemListElement\":[{\"@type\":\"ListItem\",\"position\":1,\"name\":\"In\u00edcio\",\"item\":\"https:\\\/\\\/aliancasocial.org\\\/en\\\/\"},{\"@type\":\"ListItem\",\"position\":2,\"name\":\"Vila Cuore da Alian\u00e7a de Miseric\u00f3rdia ser\u00e1 beneficiado com fundos arrecadados pela 14\u00aa edi\u00e7\u00e3o da corrida Lions Charity Run 2025\u00a0\"}]},{\"@type\":\"WebSite\",\"@id\":\"https:\\\/\\\/aliancasocial.org\\\/#website\",\"url\":\"https:\\\/\\\/aliancasocial.org\\\/\",\"name\":\"Alian\u00e7a de Miseric\u00f3rdia\",\"description\":\"Levando dignidade humana a todos os cantos do mundo\",\"publisher\":{\"@id\":\"https:\\\/\\\/aliancasocial.org\\\/#organization\"},\"potentialAction\":[{\"@type\":\"SearchAction\",\"target\":{\"@type\":\"EntryPoint\",\"urlTemplate\":\"https:\\\/\\\/aliancasocial.org\\\/?s={search_term_string}\"},\"query-input\":{\"@type\":\"PropertyValueSpecification\",\"valueRequired\":true,\"valueName\":\"search_term_string\"}}],\"inLanguage\":\"en-US\"},{\"@type\":\"Organization\",\"@id\":\"https:\\\/\\\/aliancasocial.org\\\/#organization\",\"name\":\"Alian\u00e7a de Miseric\u00f3rdia\",\"url\":\"https:\\\/\\\/aliancasocial.org\\\/\",\"logo\":{\"@type\":\"ImageObject\",\"inLanguage\":\"en-US\",\"@id\":\"https:\\\/\\\/aliancasocial.org\\\/#\\\/schema\\\/logo\\\/image\\\/\",\"url\":\"https:\\\/\\\/aliancasocial.org\\\/wp-content\\\/uploads\\\/2022\\\/07\\\/logo-alianca-marrom.svg\",\"contentUrl\":\"https:\\\/\\\/aliancasocial.org\\\/wp-content\\\/uploads\\\/2022\\\/07\\\/logo-alianca-marrom.svg\",\"width\":91,\"height\":33,\"caption\":\"Alian\u00e7a de Miseric\u00f3rdia\"},\"image\":{\"@id\":\"https:\\\/\\\/aliancasocial.org\\\/#\\\/schema\\\/logo\\\/image\\\/\"},\"sameAs\":[\"https:\\\/\\\/www.facebook.com\\\/iesmisericordia\\\/\",\"https:\\\/\\\/www.instagram.com\\\/aliancademisericordia\\\/\"]},{\"@type\":\"Person\",\"@id\":\"https:\\\/\\\/aliancasocial.org\\\/#\\\/schema\\\/person\\\/73a690df527bfd7df78ba35714ff67d4\",\"name\":\"Fernanda Monzambani\",\"image\":{\"@type\":\"ImageObject\",\"inLanguage\":\"en-US\",\"@id\":\"https:\\\/\\\/secure.gravatar.com\\\/avatar\\\/aa6d89063e21cd9638051b6cd0602c108d4b79b0898534c712d68409f7e5b64c?s=96&d=mm&r=g\",\"url\":\"https:\\\/\\\/secure.gravatar.com\\\/avatar\\\/aa6d89063e21cd9638051b6cd0602c108d4b79b0898534c712d68409f7e5b64c?s=96&d=mm&r=g\",\"contentUrl\":\"https:\\\/\\\/secure.gravatar.com\\\/avatar\\\/aa6d89063e21cd9638051b6cd0602c108d4b79b0898534c712d68409f7e5b64c?s=96&d=mm&r=g\",\"caption\":\"Fernanda Monzambani\"},\"url\":\"https:\\\/\\\/aliancasocial.org\\\/en\\\/author\\\/fernanda\\\/\"}]}<\/script>\n<!-- \/ Yoast SEO plugin. -->","yoast_head_json":{"title":"Vila Cuore da Alian\u00e7a de Miseric\u00f3rdia ser\u00e1 beneficiado com fundos arrecadados pela 14\u00aa edi\u00e7\u00e3o da corrida Lions Charity Run 2025\u00a0 - Alian\u00e7a de Miseric\u00f3rdia","robots":{"index":"index","follow":"follow","max-snippet":"max-snippet:-1","max-image-preview":"max-image-preview:large","max-video-preview":"max-video-preview:-1"},"canonical":"https:\/\/aliancasocial.org\/en\/vila-cuore-da-alianca-de-misericordia-sera-beneficiado-com-fundos-arrecadados-pela-14a-edicao-da-corrida-lions-charity-run-2025\/","og_locale":"en_US","og_type":"article","og_title":"Vila Cuore da Alian\u00e7a de Miseric\u00f3rdia ser\u00e1 beneficiado com fundos arrecadados pela 14\u00aa edi\u00e7\u00e3o da corrida Lions Charity Run 2025\u00a0 - Alian\u00e7a de Miseric\u00f3rdia","og_description":"Nos dias 29 e 30 de setembro, S\u00e3o Paulo recebeu uma etapa da 14\u00aa edi\u00e7\u00e3o da corrida Lions Charity Run sob o lema \u201cWe Run, We Serve!\u201d (N\u00f3s corremos, n\u00f3s servimos), organizada pelos Lions Club Pol\u00f4nia e Brasil, com a finalidade de arrecadar fundos para ajudar crian\u00e7as carentes no Brasil. Com percurso total de 839km, [&hellip;]","og_url":"https:\/\/aliancasocial.org\/en\/vila-cuore-da-alianca-de-misericordia-sera-beneficiado-com-fundos-arrecadados-pela-14a-edicao-da-corrida-lions-charity-run-2025\/","og_site_name":"Alian\u00e7a de Miseric\u00f3rdia","article_publisher":"https:\/\/www.facebook.com\/iesmisericordia\/","article_published_time":"2025-10-01T14:42:40+00:00","article_modified_time":"2025-10-01T14:42:43+00:00","og_image":[{"width":2560,"height":1441,"url":"https:\/\/aliancasocial.org\/wp-content\/uploads\/2025\/10\/HEM09706-scaled.jpg","type":"image\/jpeg"}],"author":"Fernanda Monzambani","twitter_card":"summary_large_image","twitter_misc":{"Written by":"Fernanda Monzambani","Est. reading time":"3 minutes"},"schema":{"@context":"https:\/\/schema.org","@graph":[{"@type":"Article","@id":"https:\/\/aliancasocial.org\/vila-cuore-da-alianca-de-misericordia-sera-beneficiado-com-fundos-arrecadados-pela-14a-edicao-da-corrida-lions-charity-run-2025\/#article","isPartOf":{"@id":"https:\/\/aliancasocial.org\/vila-cuore-da-alianca-de-misericordia-sera-beneficiado-com-fundos-arrecadados-pela-14a-edicao-da-corrida-lions-charity-run-2025\/"},"author":{"name":"Fernanda Monzambani","@id":"https:\/\/aliancasocial.org\/#\/schema\/person\/73a690df527bfd7df78ba35714ff67d4"},"headline":"Vila Cuore da Alian\u00e7a de Miseric\u00f3rdia ser\u00e1 beneficiado com fundos arrecadados pela 14\u00aa edi\u00e7\u00e3o da corrida Lions Charity Run 2025\u00a0","datePublished":"2025-10-01T14:42:40+00:00","dateModified":"2025-10-01T14:42:43+00:00","mainEntityOfPage":{"@id":"https:\/\/aliancasocial.org\/vila-cuore-da-alianca-de-misericordia-sera-beneficiado-com-fundos-arrecadados-pela-14a-edicao-da-corrida-lions-charity-run-2025\/"},"wordCount":560,"publisher":{"@id":"https:\/\/aliancasocial.org\/#organization"},"image":{"@id":"https:\/\/aliancasocial.org\/vila-cuore-da-alianca-de-misericordia-sera-beneficiado-com-fundos-arrecadados-pela-14a-edicao-da-corrida-lions-charity-run-2025\/#primaryimage"},"thumbnailUrl":"https:\/\/aliancasocial.org\/wp-content\/uploads\/2025\/10\/HEM09706-scaled.jpg","articleSection":["Sem Categoria"],"inLanguage":"en-US"},{"@type":"WebPage","@id":"https:\/\/aliancasocial.org\/vila-cuore-da-alianca-de-misericordia-sera-beneficiado-com-fundos-arrecadados-pela-14a-edicao-da-corrida-lions-charity-run-2025\/","url":"https:\/\/aliancasocial.org\/vila-cuore-da-alianca-de-misericordia-sera-beneficiado-com-fundos-arrecadados-pela-14a-edicao-da-corrida-lions-charity-run-2025\/","name":"Vila Cuore da Alian\u00e7a de Miseric\u00f3rdia ser\u00e1 beneficiado com fundos arrecadados pela 14\u00aa edi\u00e7\u00e3o da corrida Lions Charity Run 2025\u00a0 - Alian\u00e7a de Miseric\u00f3rdia","isPartOf":{"@id":"https:\/\/aliancasocial.org\/#website"},"primaryImageOfPage":{"@id":"https:\/\/aliancasocial.org\/vila-cuore-da-alianca-de-misericordia-sera-beneficiado-com-fundos-arrecadados-pela-14a-edicao-da-corrida-lions-charity-run-2025\/#primaryimage"},"image":{"@id":"https:\/\/aliancasocial.org\/vila-cuore-da-alianca-de-misericordia-sera-beneficiado-com-fundos-arrecadados-pela-14a-edicao-da-corrida-lions-charity-run-2025\/#primaryimage"},"thumbnailUrl":"https:\/\/aliancasocial.org\/wp-content\/uploads\/2025\/10\/HEM09706-scaled.jpg","datePublished":"2025-10-01T14:42:40+00:00","dateModified":"2025-10-01T14:42:43+00:00","breadcrumb":{"@id":"https:\/\/aliancasocial.org\/vila-cuore-da-alianca-de-misericordia-sera-beneficiado-com-fundos-arrecadados-pela-14a-edicao-da-corrida-lions-charity-run-2025\/#breadcrumb"},"inLanguage":"en-US","potentialAction":[{"@type":"ReadAction","target":["https:\/\/aliancasocial.org\/vila-cuore-da-alianca-de-misericordia-sera-beneficiado-com-fundos-arrecadados-pela-14a-edicao-da-corrida-lions-charity-run-2025\/"]}]},{"@type":"ImageObject","inLanguage":"en-US","@id":"https:\/\/aliancasocial.org\/vila-cuore-da-alianca-de-misericordia-sera-beneficiado-com-fundos-arrecadados-pela-14a-edicao-da-corrida-lions-charity-run-2025\/#primaryimage","url":"https:\/\/aliancasocial.org\/wp-content\/uploads\/2025\/10\/HEM09706-scaled.jpg","contentUrl":"https:\/\/aliancasocial.org\/wp-content\/uploads\/2025\/10\/HEM09706-scaled.jpg","width":2560,"height":1441},{"@type":"BreadcrumbList","@id":"https:\/\/aliancasocial.org\/vila-cuore-da-alianca-de-misericordia-sera-beneficiado-com-fundos-arrecadados-pela-14a-edicao-da-corrida-lions-charity-run-2025\/#breadcrumb","itemListElement":[{"@type":"ListItem","position":1,"name":"In\u00edcio","item":"https:\/\/aliancasocial.org\/en\/"},{"@type":"ListItem","position":2,"name":"Vila Cuore da Alian\u00e7a de Miseric\u00f3rdia ser\u00e1 beneficiado com fundos arrecadados pela 14\u00aa edi\u00e7\u00e3o da corrida Lions Charity Run 2025\u00a0"}]},{"@type":"WebSite","@id":"https:\/\/aliancasocial.org\/#website","url":"https:\/\/aliancasocial.org\/","name":"Covenant of Mercy","description":"Bringing human dignity to every corner of the world","publisher":{"@id":"https:\/\/aliancasocial.org\/#organization"},"potentialAction":[{"@type":"SearchAction","target":{"@type":"EntryPoint","urlTemplate":"https:\/\/aliancasocial.org\/?s={search_term_string}"},"query-input":{"@type":"PropertyValueSpecification","valueRequired":true,"valueName":"search_term_string"}}],"inLanguage":"en-US"},{"@type":"Organization","@id":"https:\/\/aliancasocial.org\/#organization","name":"Covenant of Mercy","url":"https:\/\/aliancasocial.org\/","logo":{"@type":"ImageObject","inLanguage":"en-US","@id":"https:\/\/aliancasocial.org\/#\/schema\/logo\/image\/","url":"https:\/\/aliancasocial.org\/wp-content\/uploads\/2022\/07\/logo-alianca-marrom.svg","contentUrl":"https:\/\/aliancasocial.org\/wp-content\/uploads\/2022\/07\/logo-alianca-marrom.svg","width":91,"height":33,"caption":"Alian\u00e7a de Miseric\u00f3rdia"},"image":{"@id":"https:\/\/aliancasocial.org\/#\/schema\/logo\/image\/"},"sameAs":["https:\/\/www.facebook.com\/iesmisericordia\/","https:\/\/www.instagram.com\/aliancademisericordia\/"]},{"@type":"Person","@id":"https:\/\/aliancasocial.org\/#\/schema\/person\/73a690df527bfd7df78ba35714ff67d4","name":"Fernanda Monzambani","image":{"@type":"ImageObject","inLanguage":"en-US","@id":"https:\/\/secure.gravatar.com\/avatar\/aa6d89063e21cd9638051b6cd0602c108d4b79b0898534c712d68409f7e5b64c?s=96&d=mm&r=g","url":"https:\/\/secure.gravatar.com\/avatar\/aa6d89063e21cd9638051b6cd0602c108d4b79b0898534c712d68409f7e5b64c?s=96&d=mm&r=g","contentUrl":"https:\/\/secure.gravatar.com\/avatar\/aa6d89063e21cd9638051b6cd0602c108d4b79b0898534c712d68409f7e5b64c?s=96&d=mm&r=g","caption":"Fernanda Monzambani"},"url":"https:\/\/aliancasocial.org\/en\/author\/fernanda\/"}]}},"_links":{"self":[{"href":"https:\/\/aliancasocial.org\/en\/wp-json\/wp\/v2\/posts\/11906","targetHints":{"allow":["GET"]}}],"collection":[{"href":"https:\/\/aliancasocial.org\/en\/wp-json\/wp\/v2\/posts"}],"about":[{"href":"https:\/\/aliancasocial.org\/en\/wp-json\/wp\/v2\/types\/post"}],"author":[{"embeddable":true,"href":"https:\/\/aliancasocial.org\/en\/wp-json\/wp\/v2\/users\/8"}],"replies":[{"embeddable":true,"href":"https:\/\/aliancasocial.org\/en\/wp-json\/wp\/v2\/comments?post=11906"}],"version-history":[{"count":1,"href":"https:\/\/aliancasocial.org\/en\/wp-json\/wp\/v2\/posts\/11906\/revisions"}],"predecessor-version":[{"id":11908,"href":"https:\/\/aliancasocial.org\/en\/wp-json\/wp\/v2\/posts\/11906\/revisions\/11908"}],"wp:featuredmedia":[{"embeddable":true,"href":"https:\/\/aliancasocial.org\/en\/wp-json\/wp\/v2\/media\/11907"}],"wp:attachment":[{"href":"https:\/\/aliancasocial.org\/en\/wp-json\/wp\/v2\/media?parent=11906"}],"wp:term":[{"taxonomy":"category","embeddable":true,"href":"https:\/\/aliancasocial.org\/en\/wp-json\/wp\/v2\/categories?post=11906"},{"taxonomy":"post_tag","embeddable":true,"href":"https:\/\/aliancasocial.org\/en\/wp-json\/wp\/v2\/tags?post=11906"},{"taxonomy":"destaques","embeddable":true,"href":"https:\/\/aliancasocial.org\/en\/wp-json\/wp\/v2\/destaques?post=11906"}],"curies":[{"name":"wp","href":"https:\/\/api.w.org\/{rel}","templated":true}]}}