{"id":11909,"date":"2025-10-03T09:47:43","date_gmt":"2025-10-03T12:47:43","guid":{"rendered":"https:\/\/aliancasocial.org\/?p=11909"},"modified":"2025-10-03T09:47:47","modified_gmt":"2025-10-03T12:47:47","slug":"encontro-com-colaboradores-reforca-compromisso-com-etica-e-cuidado","status":"publish","type":"post","link":"https:\/\/aliancasocial.org\/en\/encontro-com-colaboradores-reforca-compromisso-com-etica-e-cuidado\/","title":{"rendered":"Meeting with employees reinforces commitment to ethics and care"},"content":{"rendered":"<p>Last Friday, September 26, Alliance of Mercy employees gathered for a day of training that focused on two essential dimensions of institutional life: integrity in action and care for people.<\/p>\n\n\n\n<p>The initiative, which brought together approximately 45 employees from various areas\u2014including administration, legal, human resources, communications, technology, resource mobilization, finance, and operations\u2014was more than a training activity. The meeting was part of the Alliance&#039;s internal ongoing training calendar and sought to deepen the values that underpin the institution&#039;s mission, also in their daily work lives.<\/p>\n\n\n\n<p><strong>Ethics and empathy on the same path<\/strong><\/p>\n\n\n\n<p>The program was divided into two complementary moments. In the first, the lawyer <strong>Dr. Marina Prado Leite Sim\u00f5es<\/strong>, specialized in Compliance, Corporate Governance, Risk Management, Internal Investigations and Business Law, conducted training on the <strong>Anti-Corruption Policy<\/strong> of the Alliance.<\/p>\n\n\n\n<p>In the second, the psychologist <strong>Rosana Menezes<\/strong> addressed the importance of welcoming and attentive listening in tune with the <strong>Yellow September<\/strong>, a suicide prevention campaign. The combination of the two themes, which at first glance seem distant, proved to be an intentional choice and deeply consistent with the institutional culture.<\/p>\n\n\n\n<p><em>&quot;The idea of uniting compliance and mental health arose from the realization that these two worlds are closer than they seem. Talking about integrity also means talking about people\u2014and an ethical environment can only be sustained when there is empathy, acceptance, and emotional awareness.&quot;<\/em>, explains Dr. Marina.<\/p>\n\n\n\n<p><strong>Culture that goes beyond the rules<\/strong><\/p>\n\n\n\n<p>The purpose of the meeting was to show that <strong>acting ethically and caring for people are part of the same cultural commitment<\/strong>: build a safe, humane and sustainable environment.<\/p>\n\n\n\n<p><em>&quot;The combination of training and awareness-raising sought to reinforce that integrity and emotional health go hand in hand in everyday life. Following rules strengthens processes, but welcoming people strengthens culture.&quot;<\/em>, highlights Marina.<\/p>\n\n\n\n<p>This holistic approach is also aligned with the Alliance&#039;s charismatic mission, which seeks to bear witness to God&#039;s mercy in all aspects of life\u2014including daily work. Therefore, training spaces are not limited to meeting technical or legal requirements, but seek to transform environments and relationships.<\/p>\n\n\n\n<p><strong>Faith in the corporate environment<\/strong><\/p>\n\n\n\n<p>One of the most memorable moments was the showing of an excerpt from the series <strong><em>The Chosen<\/em><\/strong>The scene, which addresses themes such as empathy and purpose, provoked deep reflections on the connection between mental health and integrity.<\/p>\n\n\n\n<p>The attentive silence of the participants and the exchanges that arose afterwards showed that ethics is not just a set of rules, but a human attitude. <em>\u201cReception, responsibility and compassion are also part of compliance, not just as a rule, but as a culture\u201d<\/em>, reinforced Marina.<\/p>\n\n\n\n<p><strong>Commitment that transforms environments<\/strong><\/p>\n\n\n\n<p>More than a one-off event, the meeting was part of a <strong>continuous process of training and institutional culture<\/strong> that the Alliance has sought to cultivate among its employees.<\/p>\n\n\n\n<p>By bringing compliance and emotional care closer together, the institution reinforces that the social transformation it announces to the world also begins at home\u2014in the way people work, interact, and care for one another.<\/p>\n\n\n\n<p><em>&quot;Integrity and care go hand in hand. Complying with rules strengthens processes, but welcoming people strengthens culture. And it&#039;s this combination that makes Alian\u00e7a a humane, ethical, and sustainable environment.&quot;<\/em>, concludes Dr. Marina.<\/p>","protected":false},"excerpt":{"rendered":"<p>Na \u00faltima sexta-feira, 26 de setembro, colaboradores da Alian\u00e7a de Miseric\u00f3rdia se reuniram para um dia de forma\u00e7\u00e3o que colocou no centro duas dimens\u00f5es essenciais da vida institucional: a integridade no agir e o cuidado com as pessoas. A proposta, que reuniu cerca de 45 colaboradores de diferentes \u00e1reas \u2014 como administra\u00e7\u00e3o, jur\u00eddico, recursos humanos, [&hellip;]<\/p>\n","protected":false},"author":8,"featured_media":11910,"comment_status":"closed","ping_status":"closed","sticky":false,"template":"","format":"standard","meta":{"footnotes":""},"categories":[1],"tags":[],"destaques":[37],"class_list":["post-11909","post","type-post","status-publish","format-standard","has-post-thumbnail","hentry","category-sem-categoria","destaques-destaque-02"],"yoast_head":"<!-- This site is optimized with the Yoast SEO plugin v27.4 - https:\/\/yoast.com\/product\/yoast-seo-wordpress\/ -->\n<title>Encontro com colaboradores refor\u00e7a compromisso com \u00e9tica e cuidado - Alian\u00e7a de Miseric\u00f3rdia<\/title>\n<meta name=\"robots\" content=\"index, follow, max-snippet:-1, max-image-preview:large, max-video-preview:-1\" \/>\n<link rel=\"canonical\" href=\"https:\/\/aliancasocial.org\/en\/encontro-com-colaboradores-reforca-compromisso-com-etica-e-cuidado\/\" \/>\n<meta property=\"og:locale\" content=\"en_US\" \/>\n<meta property=\"og:type\" content=\"article\" \/>\n<meta property=\"og:title\" content=\"Encontro com colaboradores refor\u00e7a compromisso com \u00e9tica e cuidado - Alian\u00e7a de Miseric\u00f3rdia\" \/>\n<meta property=\"og:description\" content=\"Na \u00faltima sexta-feira, 26 de setembro, colaboradores da Alian\u00e7a de Miseric\u00f3rdia se reuniram para um dia de forma\u00e7\u00e3o que colocou no centro duas dimens\u00f5es essenciais da vida institucional: a integridade no agir e o cuidado com as pessoas. A proposta, que reuniu cerca de 45 colaboradores de diferentes \u00e1reas \u2014 como administra\u00e7\u00e3o, jur\u00eddico, recursos humanos, [&hellip;]\" \/>\n<meta property=\"og:url\" content=\"https:\/\/aliancasocial.org\/en\/encontro-com-colaboradores-reforca-compromisso-com-etica-e-cuidado\/\" \/>\n<meta property=\"og:site_name\" content=\"Alian\u00e7a de Miseric\u00f3rdia\" \/>\n<meta property=\"article:publisher\" content=\"https:\/\/www.facebook.com\/iesmisericordia\/\" \/>\n<meta property=\"article:published_time\" content=\"2025-10-03T12:47:43+00:00\" \/>\n<meta property=\"article:modified_time\" content=\"2025-10-03T12:47:47+00:00\" \/>\n<meta property=\"og:image\" content=\"https:\/\/aliancasocial.org\/wp-content\/uploads\/2025\/10\/WhatsApp-Image-2025-10-02-at-12.03.36.jpeg\" \/>\n\t<meta property=\"og:image:width\" content=\"1080\" \/>\n\t<meta property=\"og:image:height\" content=\"600\" \/>\n\t<meta property=\"og:image:type\" content=\"image\/jpeg\" \/>\n<meta name=\"author\" content=\"Fernanda Monzambani\" \/>\n<meta name=\"twitter:card\" content=\"summary_large_image\" \/>\n<meta name=\"twitter:label1\" content=\"Written by\" \/>\n\t<meta name=\"twitter:data1\" content=\"Fernanda Monzambani\" \/>\n\t<meta name=\"twitter:label2\" content=\"Est. reading time\" \/>\n\t<meta name=\"twitter:data2\" content=\"4 minutes\" \/>\n<script type=\"application\/ld+json\" class=\"yoast-schema-graph\">{\"@context\":\"https:\\\/\\\/schema.org\",\"@graph\":[{\"@type\":\"Article\",\"@id\":\"https:\\\/\\\/aliancasocial.org\\\/encontro-com-colaboradores-reforca-compromisso-com-etica-e-cuidado\\\/#article\",\"isPartOf\":{\"@id\":\"https:\\\/\\\/aliancasocial.org\\\/encontro-com-colaboradores-reforca-compromisso-com-etica-e-cuidado\\\/\"},\"author\":{\"name\":\"Fernanda Monzambani\",\"@id\":\"https:\\\/\\\/aliancasocial.org\\\/#\\\/schema\\\/person\\\/73a690df527bfd7df78ba35714ff67d4\"},\"headline\":\"Encontro com colaboradores refor\u00e7a compromisso com \u00e9tica e cuidado\",\"datePublished\":\"2025-10-03T12:47:43+00:00\",\"dateModified\":\"2025-10-03T12:47:47+00:00\",\"mainEntityOfPage\":{\"@id\":\"https:\\\/\\\/aliancasocial.org\\\/encontro-com-colaboradores-reforca-compromisso-com-etica-e-cuidado\\\/\"},\"wordCount\":614,\"publisher\":{\"@id\":\"https:\\\/\\\/aliancasocial.org\\\/#organization\"},\"image\":{\"@id\":\"https:\\\/\\\/aliancasocial.org\\\/encontro-com-colaboradores-reforca-compromisso-com-etica-e-cuidado\\\/#primaryimage\"},\"thumbnailUrl\":\"https:\\\/\\\/aliancasocial.org\\\/wp-content\\\/uploads\\\/2025\\\/10\\\/WhatsApp-Image-2025-10-02-at-12.03.36.jpeg\",\"articleSection\":[\"Sem Categoria\"],\"inLanguage\":\"en-US\"},{\"@type\":\"WebPage\",\"@id\":\"https:\\\/\\\/aliancasocial.org\\\/encontro-com-colaboradores-reforca-compromisso-com-etica-e-cuidado\\\/\",\"url\":\"https:\\\/\\\/aliancasocial.org\\\/encontro-com-colaboradores-reforca-compromisso-com-etica-e-cuidado\\\/\",\"name\":\"Encontro com colaboradores refor\u00e7a compromisso com \u00e9tica e cuidado - Alian\u00e7a de Miseric\u00f3rdia\",\"isPartOf\":{\"@id\":\"https:\\\/\\\/aliancasocial.org\\\/#website\"},\"primaryImageOfPage\":{\"@id\":\"https:\\\/\\\/aliancasocial.org\\\/encontro-com-colaboradores-reforca-compromisso-com-etica-e-cuidado\\\/#primaryimage\"},\"image\":{\"@id\":\"https:\\\/\\\/aliancasocial.org\\\/encontro-com-colaboradores-reforca-compromisso-com-etica-e-cuidado\\\/#primaryimage\"},\"thumbnailUrl\":\"https:\\\/\\\/aliancasocial.org\\\/wp-content\\\/uploads\\\/2025\\\/10\\\/WhatsApp-Image-2025-10-02-at-12.03.36.jpeg\",\"datePublished\":\"2025-10-03T12:47:43+00:00\",\"dateModified\":\"2025-10-03T12:47:47+00:00\",\"breadcrumb\":{\"@id\":\"https:\\\/\\\/aliancasocial.org\\\/encontro-com-colaboradores-reforca-compromisso-com-etica-e-cuidado\\\/#breadcrumb\"},\"inLanguage\":\"en-US\",\"potentialAction\":[{\"@type\":\"ReadAction\",\"target\":[\"https:\\\/\\\/aliancasocial.org\\\/encontro-com-colaboradores-reforca-compromisso-com-etica-e-cuidado\\\/\"]}]},{\"@type\":\"ImageObject\",\"inLanguage\":\"en-US\",\"@id\":\"https:\\\/\\\/aliancasocial.org\\\/encontro-com-colaboradores-reforca-compromisso-com-etica-e-cuidado\\\/#primaryimage\",\"url\":\"https:\\\/\\\/aliancasocial.org\\\/wp-content\\\/uploads\\\/2025\\\/10\\\/WhatsApp-Image-2025-10-02-at-12.03.36.jpeg\",\"contentUrl\":\"https:\\\/\\\/aliancasocial.org\\\/wp-content\\\/uploads\\\/2025\\\/10\\\/WhatsApp-Image-2025-10-02-at-12.03.36.jpeg\",\"width\":1080,\"height\":600},{\"@type\":\"BreadcrumbList\",\"@id\":\"https:\\\/\\\/aliancasocial.org\\\/encontro-com-colaboradores-reforca-compromisso-com-etica-e-cuidado\\\/#breadcrumb\",\"itemListElement\":[{\"@type\":\"ListItem\",\"position\":1,\"name\":\"In\u00edcio\",\"item\":\"https:\\\/\\\/aliancasocial.org\\\/en\\\/\"},{\"@type\":\"ListItem\",\"position\":2,\"name\":\"Encontro com colaboradores refor\u00e7a compromisso com \u00e9tica e cuidado\"}]},{\"@type\":\"WebSite\",\"@id\":\"https:\\\/\\\/aliancasocial.org\\\/#website\",\"url\":\"https:\\\/\\\/aliancasocial.org\\\/\",\"name\":\"Alian\u00e7a de Miseric\u00f3rdia\",\"description\":\"Levando dignidade humana a todos os cantos do mundo\",\"publisher\":{\"@id\":\"https:\\\/\\\/aliancasocial.org\\\/#organization\"},\"potentialAction\":[{\"@type\":\"SearchAction\",\"target\":{\"@type\":\"EntryPoint\",\"urlTemplate\":\"https:\\\/\\\/aliancasocial.org\\\/?s={search_term_string}\"},\"query-input\":{\"@type\":\"PropertyValueSpecification\",\"valueRequired\":true,\"valueName\":\"search_term_string\"}}],\"inLanguage\":\"en-US\"},{\"@type\":\"Organization\",\"@id\":\"https:\\\/\\\/aliancasocial.org\\\/#organization\",\"name\":\"Alian\u00e7a de Miseric\u00f3rdia\",\"url\":\"https:\\\/\\\/aliancasocial.org\\\/\",\"logo\":{\"@type\":\"ImageObject\",\"inLanguage\":\"en-US\",\"@id\":\"https:\\\/\\\/aliancasocial.org\\\/#\\\/schema\\\/logo\\\/image\\\/\",\"url\":\"https:\\\/\\\/aliancasocial.org\\\/wp-content\\\/uploads\\\/2022\\\/07\\\/logo-alianca-marrom.svg\",\"contentUrl\":\"https:\\\/\\\/aliancasocial.org\\\/wp-content\\\/uploads\\\/2022\\\/07\\\/logo-alianca-marrom.svg\",\"width\":91,\"height\":33,\"caption\":\"Alian\u00e7a de Miseric\u00f3rdia\"},\"image\":{\"@id\":\"https:\\\/\\\/aliancasocial.org\\\/#\\\/schema\\\/logo\\\/image\\\/\"},\"sameAs\":[\"https:\\\/\\\/www.facebook.com\\\/iesmisericordia\\\/\",\"https:\\\/\\\/www.instagram.com\\\/aliancademisericordia\\\/\"]},{\"@type\":\"Person\",\"@id\":\"https:\\\/\\\/aliancasocial.org\\\/#\\\/schema\\\/person\\\/73a690df527bfd7df78ba35714ff67d4\",\"name\":\"Fernanda Monzambani\",\"image\":{\"@type\":\"ImageObject\",\"inLanguage\":\"en-US\",\"@id\":\"https:\\\/\\\/secure.gravatar.com\\\/avatar\\\/aa6d89063e21cd9638051b6cd0602c108d4b79b0898534c712d68409f7e5b64c?s=96&d=mm&r=g\",\"url\":\"https:\\\/\\\/secure.gravatar.com\\\/avatar\\\/aa6d89063e21cd9638051b6cd0602c108d4b79b0898534c712d68409f7e5b64c?s=96&d=mm&r=g\",\"contentUrl\":\"https:\\\/\\\/secure.gravatar.com\\\/avatar\\\/aa6d89063e21cd9638051b6cd0602c108d4b79b0898534c712d68409f7e5b64c?s=96&d=mm&r=g\",\"caption\":\"Fernanda Monzambani\"},\"url\":\"https:\\\/\\\/aliancasocial.org\\\/en\\\/author\\\/fernanda\\\/\"}]}<\/script>\n<!-- \/ Yoast SEO plugin. -->","yoast_head_json":{"title":"Encontro com colaboradores refor\u00e7a compromisso com \u00e9tica e cuidado - Alian\u00e7a de Miseric\u00f3rdia","robots":{"index":"index","follow":"follow","max-snippet":"max-snippet:-1","max-image-preview":"max-image-preview:large","max-video-preview":"max-video-preview:-1"},"canonical":"https:\/\/aliancasocial.org\/en\/encontro-com-colaboradores-reforca-compromisso-com-etica-e-cuidado\/","og_locale":"en_US","og_type":"article","og_title":"Encontro com colaboradores refor\u00e7a compromisso com \u00e9tica e cuidado - Alian\u00e7a de Miseric\u00f3rdia","og_description":"Na \u00faltima sexta-feira, 26 de setembro, colaboradores da Alian\u00e7a de Miseric\u00f3rdia se reuniram para um dia de forma\u00e7\u00e3o que colocou no centro duas dimens\u00f5es essenciais da vida institucional: a integridade no agir e o cuidado com as pessoas. A proposta, que reuniu cerca de 45 colaboradores de diferentes \u00e1reas \u2014 como administra\u00e7\u00e3o, jur\u00eddico, recursos humanos, [&hellip;]","og_url":"https:\/\/aliancasocial.org\/en\/encontro-com-colaboradores-reforca-compromisso-com-etica-e-cuidado\/","og_site_name":"Alian\u00e7a de Miseric\u00f3rdia","article_publisher":"https:\/\/www.facebook.com\/iesmisericordia\/","article_published_time":"2025-10-03T12:47:43+00:00","article_modified_time":"2025-10-03T12:47:47+00:00","og_image":[{"width":1080,"height":600,"url":"https:\/\/aliancasocial.org\/wp-content\/uploads\/2025\/10\/WhatsApp-Image-2025-10-02-at-12.03.36.jpeg","type":"image\/jpeg"}],"author":"Fernanda Monzambani","twitter_card":"summary_large_image","twitter_misc":{"Written by":"Fernanda Monzambani","Est. reading time":"4 minutes"},"schema":{"@context":"https:\/\/schema.org","@graph":[{"@type":"Article","@id":"https:\/\/aliancasocial.org\/encontro-com-colaboradores-reforca-compromisso-com-etica-e-cuidado\/#article","isPartOf":{"@id":"https:\/\/aliancasocial.org\/encontro-com-colaboradores-reforca-compromisso-com-etica-e-cuidado\/"},"author":{"name":"Fernanda Monzambani","@id":"https:\/\/aliancasocial.org\/#\/schema\/person\/73a690df527bfd7df78ba35714ff67d4"},"headline":"Encontro com colaboradores refor\u00e7a compromisso com \u00e9tica e cuidado","datePublished":"2025-10-03T12:47:43+00:00","dateModified":"2025-10-03T12:47:47+00:00","mainEntityOfPage":{"@id":"https:\/\/aliancasocial.org\/encontro-com-colaboradores-reforca-compromisso-com-etica-e-cuidado\/"},"wordCount":614,"publisher":{"@id":"https:\/\/aliancasocial.org\/#organization"},"image":{"@id":"https:\/\/aliancasocial.org\/encontro-com-colaboradores-reforca-compromisso-com-etica-e-cuidado\/#primaryimage"},"thumbnailUrl":"https:\/\/aliancasocial.org\/wp-content\/uploads\/2025\/10\/WhatsApp-Image-2025-10-02-at-12.03.36.jpeg","articleSection":["Sem Categoria"],"inLanguage":"en-US"},{"@type":"WebPage","@id":"https:\/\/aliancasocial.org\/encontro-com-colaboradores-reforca-compromisso-com-etica-e-cuidado\/","url":"https:\/\/aliancasocial.org\/encontro-com-colaboradores-reforca-compromisso-com-etica-e-cuidado\/","name":"Encontro com colaboradores refor\u00e7a compromisso com \u00e9tica e cuidado - Alian\u00e7a de Miseric\u00f3rdia","isPartOf":{"@id":"https:\/\/aliancasocial.org\/#website"},"primaryImageOfPage":{"@id":"https:\/\/aliancasocial.org\/encontro-com-colaboradores-reforca-compromisso-com-etica-e-cuidado\/#primaryimage"},"image":{"@id":"https:\/\/aliancasocial.org\/encontro-com-colaboradores-reforca-compromisso-com-etica-e-cuidado\/#primaryimage"},"thumbnailUrl":"https:\/\/aliancasocial.org\/wp-content\/uploads\/2025\/10\/WhatsApp-Image-2025-10-02-at-12.03.36.jpeg","datePublished":"2025-10-03T12:47:43+00:00","dateModified":"2025-10-03T12:47:47+00:00","breadcrumb":{"@id":"https:\/\/aliancasocial.org\/encontro-com-colaboradores-reforca-compromisso-com-etica-e-cuidado\/#breadcrumb"},"inLanguage":"en-US","potentialAction":[{"@type":"ReadAction","target":["https:\/\/aliancasocial.org\/encontro-com-colaboradores-reforca-compromisso-com-etica-e-cuidado\/"]}]},{"@type":"ImageObject","inLanguage":"en-US","@id":"https:\/\/aliancasocial.org\/encontro-com-colaboradores-reforca-compromisso-com-etica-e-cuidado\/#primaryimage","url":"https:\/\/aliancasocial.org\/wp-content\/uploads\/2025\/10\/WhatsApp-Image-2025-10-02-at-12.03.36.jpeg","contentUrl":"https:\/\/aliancasocial.org\/wp-content\/uploads\/2025\/10\/WhatsApp-Image-2025-10-02-at-12.03.36.jpeg","width":1080,"height":600},{"@type":"BreadcrumbList","@id":"https:\/\/aliancasocial.org\/encontro-com-colaboradores-reforca-compromisso-com-etica-e-cuidado\/#breadcrumb","itemListElement":[{"@type":"ListItem","position":1,"name":"In\u00edcio","item":"https:\/\/aliancasocial.org\/en\/"},{"@type":"ListItem","position":2,"name":"Encontro com colaboradores refor\u00e7a compromisso com \u00e9tica e cuidado"}]},{"@type":"WebSite","@id":"https:\/\/aliancasocial.org\/#website","url":"https:\/\/aliancasocial.org\/","name":"Covenant of Mercy","description":"Bringing human dignity to every corner of the world","publisher":{"@id":"https:\/\/aliancasocial.org\/#organization"},"potentialAction":[{"@type":"SearchAction","target":{"@type":"EntryPoint","urlTemplate":"https:\/\/aliancasocial.org\/?s={search_term_string}"},"query-input":{"@type":"PropertyValueSpecification","valueRequired":true,"valueName":"search_term_string"}}],"inLanguage":"en-US"},{"@type":"Organization","@id":"https:\/\/aliancasocial.org\/#organization","name":"Covenant of Mercy","url":"https:\/\/aliancasocial.org\/","logo":{"@type":"ImageObject","inLanguage":"en-US","@id":"https:\/\/aliancasocial.org\/#\/schema\/logo\/image\/","url":"https:\/\/aliancasocial.org\/wp-content\/uploads\/2022\/07\/logo-alianca-marrom.svg","contentUrl":"https:\/\/aliancasocial.org\/wp-content\/uploads\/2022\/07\/logo-alianca-marrom.svg","width":91,"height":33,"caption":"Alian\u00e7a de Miseric\u00f3rdia"},"image":{"@id":"https:\/\/aliancasocial.org\/#\/schema\/logo\/image\/"},"sameAs":["https:\/\/www.facebook.com\/iesmisericordia\/","https:\/\/www.instagram.com\/aliancademisericordia\/"]},{"@type":"Person","@id":"https:\/\/aliancasocial.org\/#\/schema\/person\/73a690df527bfd7df78ba35714ff67d4","name":"Fernanda Monzambani","image":{"@type":"ImageObject","inLanguage":"en-US","@id":"https:\/\/secure.gravatar.com\/avatar\/aa6d89063e21cd9638051b6cd0602c108d4b79b0898534c712d68409f7e5b64c?s=96&d=mm&r=g","url":"https:\/\/secure.gravatar.com\/avatar\/aa6d89063e21cd9638051b6cd0602c108d4b79b0898534c712d68409f7e5b64c?s=96&d=mm&r=g","contentUrl":"https:\/\/secure.gravatar.com\/avatar\/aa6d89063e21cd9638051b6cd0602c108d4b79b0898534c712d68409f7e5b64c?s=96&d=mm&r=g","caption":"Fernanda Monzambani"},"url":"https:\/\/aliancasocial.org\/en\/author\/fernanda\/"}]}},"_links":{"self":[{"href":"https:\/\/aliancasocial.org\/en\/wp-json\/wp\/v2\/posts\/11909","targetHints":{"allow":["GET"]}}],"collection":[{"href":"https:\/\/aliancasocial.org\/en\/wp-json\/wp\/v2\/posts"}],"about":[{"href":"https:\/\/aliancasocial.org\/en\/wp-json\/wp\/v2\/types\/post"}],"author":[{"embeddable":true,"href":"https:\/\/aliancasocial.org\/en\/wp-json\/wp\/v2\/users\/8"}],"replies":[{"embeddable":true,"href":"https:\/\/aliancasocial.org\/en\/wp-json\/wp\/v2\/comments?post=11909"}],"version-history":[{"count":1,"href":"https:\/\/aliancasocial.org\/en\/wp-json\/wp\/v2\/posts\/11909\/revisions"}],"predecessor-version":[{"id":11911,"href":"https:\/\/aliancasocial.org\/en\/wp-json\/wp\/v2\/posts\/11909\/revisions\/11911"}],"wp:featuredmedia":[{"embeddable":true,"href":"https:\/\/aliancasocial.org\/en\/wp-json\/wp\/v2\/media\/11910"}],"wp:attachment":[{"href":"https:\/\/aliancasocial.org\/en\/wp-json\/wp\/v2\/media?parent=11909"}],"wp:term":[{"taxonomy":"category","embeddable":true,"href":"https:\/\/aliancasocial.org\/en\/wp-json\/wp\/v2\/categories?post=11909"},{"taxonomy":"post_tag","embeddable":true,"href":"https:\/\/aliancasocial.org\/en\/wp-json\/wp\/v2\/tags?post=11909"},{"taxonomy":"destaques","embeddable":true,"href":"https:\/\/aliancasocial.org\/en\/wp-json\/wp\/v2\/destaques?post=11909"}],"curies":[{"name":"wp","href":"https:\/\/api.w.org\/{rel}","templated":true}]}}