{"id":11912,"date":"2025-10-03T09:51:07","date_gmt":"2025-10-03T12:51:07","guid":{"rendered":"https:\/\/aliancasocial.org\/?p=11912"},"modified":"2025-10-03T09:51:11","modified_gmt":"2025-10-03T12:51:11","slug":"acao-com-instituto-ilumina-arrecada-r-700-mil-e-impulsiona-missao-social-da-alianca","status":"publish","type":"post","link":"https:\/\/aliancasocial.org\/en\/acao-com-instituto-ilumina-arrecada-r-700-mil-e-impulsiona-missao-social-da-alianca\/","title":{"rendered":"Action with Instituto Ilumina raises R$700,000 and boosts the Alliance&#039;s social mission"},"content":{"rendered":"<p>S\u00edtio Botuquara, the headquarters of the Alliance of Mercy in S\u00e3o Paulo, hosted a meeting on Wednesday (2) to celebrate a concrete partnership in favor of the most vulnerable. Founders and volunteers of the Ilumina Institute and the Alliance gathered for a lunch of gratitude for the action carried out throughout the month of September, which resulted in the collection of approximately R$ 700 thousand destined to support social projects of the Catholic institution.<\/p>\n\n\n\n<p>The Ilumina Institute is a <strong>solidarity initiative that organizes bazaars and auctions of clothes, shoes and other items through WhatsApp groups<\/strong>, with the goal of allocating resources to various charitable organizations. Each month, a new institution is chosen to receive the funds raised, and in September, the Alian\u00e7a de Miseric\u00f3rdia was the beneficiary. The result exceeded all expectations: it was the largest fundraising effort ever recorded since the Institute&#039;s founding.<\/p>\n\n\n\n<p><em>\u201cOur goal is to find organizations that need support \u2014 and there are many in Brazil \u2014 and provide them with as many resources as possible through our work.\u201d<\/em>, explained Patr\u00edcia Spinelli, administrator and one of the founders of Ilumina.<\/p>\n\n\n\n<p>According to her, the auctioned pieces are donated and put up for sale in online groups, in a dynamic that transforms detachment into opportunity. <em>&quot;The volunteers from the beneficiary institution are also directly involved, seeking donations and participating in sales management. It&#039;s a collective effort.&quot;<\/em>, he completed.<\/p>\n\n\n\n<p><strong>Partnership that bears fruit<\/strong><\/p>\n\n\n\n<p>The founders of the Institute \u2014 Patr\u00edcia Spinelli, B\u00e1rbara Jalles, Isabel Foz and Tanise Dutra \u2014 participated in the meeting in Botuquara, alongside volunteers from the Alliance who led the action during the month: Patr\u00edcia Neuding, Fernanda Vidigal, Livia Le\u00e3o, Maria Eduarda Ramos, Daniela Silveira, Ana Paula Vianna, Maria Cury and Juliana Lewkowicz.<\/p>\n\n\n\n<p>The choice of Alian\u00e7a as the beneficiary institution arose from the bond built over the last few months. <em>\u201cI discovered the Alliance through L\u00edvia and I was always impressed by the breadth of the work they do, not only in the material aspect, but also in the spiritual aspect,\u201d<\/em> said Barbara Jalles. <em>&quot;The world needs God, and the Alliance brings this presence to people&#039;s hearts. That&#039;s why we support it.&quot;<\/em><\/p>\n\n\n\n<p>The meeting was attended by Father Jo\u00e3o Henrique, founder of the Alliance of Mercy, who expressed gratitude to the volunteers. In his message, he noted that the initiative goes beyond supporting the institution: <strong><em>\u201cYou didn\u2019t help the Covenant, you helped the poor\u2014and in doing so, you welcomed Christ himself. Whatever you did to one of these little ones, you did to him.\u201d<\/em><\/strong>, he said, quoting the Gospel.<\/p>\n\n\n\n<p>For Bia Hauptmann, Director of Institutional Relations at the Alliance, the lunch was a way to give back, through presence and sharing, the generosity received. <em>&quot;Our desire was for each of them to feel embraced by heaven. The work was intense and transformative, and we wanted this moment to be a concrete thank you for everything they did throughout September.&quot;<\/em><\/p>\n\n\n\n<p>The partnership, which already begins with a historic fundraising milestone, is expected to extend to future initiatives. <em>&quot;It was a record at Ilumina, and I&#039;m sure this union will continue. It&#039;s a bond that the Holy Spirit created and that will not be broken,&quot;<\/em> concluded Barbara.<\/p>\n\n\n\n<p>The Alliance of Mercy expresses its deep gratitude to the Ilumina Institute, its founders, and all the volunteers involved in this initiative. Every donation and every dedicated effort this September makes it possible to carry forward our commitment to the most vulnerable and keep alive the mission of proclaiming God&#039;s mercy through human advancement!<\/p>","protected":false},"excerpt":{"rendered":"<p>O S\u00edtio Botuquara, casa m\u00e3e da Alian\u00e7a de Miseric\u00f3rdia em S\u00e3o Paulo, recebeu nesta quarta-feira (2) um encontro que celebrou uma parceria concreta em favor dos mais vulner\u00e1veis. Fundadoras e volunt\u00e1rias do Instituto Ilumina e da Alian\u00e7a se reuniram para um almo\u00e7o de gratid\u00e3o pela a\u00e7\u00e3o realizada ao longo do m\u00eas de setembro, que resultou [&hellip;]<\/p>\n","protected":false},"author":8,"featured_media":11913,"comment_status":"closed","ping_status":"closed","sticky":false,"template":"","format":"standard","meta":{"footnotes":""},"categories":[1],"tags":[],"destaques":[36],"class_list":["post-11912","post","type-post","status-publish","format-standard","has-post-thumbnail","hentry","category-sem-categoria","destaques-destaque-01"],"yoast_head":"<!-- This site is optimized with the Yoast SEO plugin v27.4 - https:\/\/yoast.com\/product\/yoast-seo-wordpress\/ -->\n<title>A\u00e7\u00e3o com Instituto Ilumina arrecada R$ 700 mil e impulsiona miss\u00e3o social da Alian\u00e7a - Alian\u00e7a de Miseric\u00f3rdia<\/title>\n<meta name=\"robots\" content=\"index, follow, max-snippet:-1, max-image-preview:large, max-video-preview:-1\" \/>\n<link rel=\"canonical\" href=\"https:\/\/aliancasocial.org\/en\/acao-com-instituto-ilumina-arrecada-r-700-mil-e-impulsiona-missao-social-da-alianca\/\" \/>\n<meta property=\"og:locale\" content=\"en_US\" \/>\n<meta property=\"og:type\" content=\"article\" \/>\n<meta property=\"og:title\" content=\"A\u00e7\u00e3o com Instituto Ilumina arrecada R$ 700 mil e impulsiona miss\u00e3o social da Alian\u00e7a - Alian\u00e7a de Miseric\u00f3rdia\" \/>\n<meta property=\"og:description\" content=\"O S\u00edtio Botuquara, casa m\u00e3e da Alian\u00e7a de Miseric\u00f3rdia em S\u00e3o Paulo, recebeu nesta quarta-feira (2) um encontro que celebrou uma parceria concreta em favor dos mais vulner\u00e1veis. Fundadoras e volunt\u00e1rias do Instituto Ilumina e da Alian\u00e7a se reuniram para um almo\u00e7o de gratid\u00e3o pela a\u00e7\u00e3o realizada ao longo do m\u00eas de setembro, que resultou [&hellip;]\" \/>\n<meta property=\"og:url\" content=\"https:\/\/aliancasocial.org\/en\/acao-com-instituto-ilumina-arrecada-r-700-mil-e-impulsiona-missao-social-da-alianca\/\" \/>\n<meta property=\"og:site_name\" content=\"Alian\u00e7a de Miseric\u00f3rdia\" \/>\n<meta property=\"article:publisher\" content=\"https:\/\/www.facebook.com\/iesmisericordia\/\" \/>\n<meta property=\"article:published_time\" content=\"2025-10-03T12:51:07+00:00\" \/>\n<meta property=\"article:modified_time\" content=\"2025-10-03T12:51:11+00:00\" \/>\n<meta property=\"og:image\" content=\"https:\/\/aliancasocial.org\/wp-content\/uploads\/2025\/10\/WhatsApp-Image-2025-10-02-at-15.49.14.jpeg\" \/>\n\t<meta property=\"og:image:width\" content=\"1600\" \/>\n\t<meta property=\"og:image:height\" content=\"1202\" \/>\n\t<meta property=\"og:image:type\" content=\"image\/jpeg\" \/>\n<meta name=\"author\" content=\"Fernanda Monzambani\" \/>\n<meta name=\"twitter:card\" content=\"summary_large_image\" \/>\n<meta name=\"twitter:label1\" content=\"Written by\" \/>\n\t<meta name=\"twitter:data1\" content=\"Fernanda Monzambani\" \/>\n\t<meta name=\"twitter:label2\" content=\"Est. reading time\" \/>\n\t<meta name=\"twitter:data2\" content=\"4 minutes\" \/>\n<script type=\"application\/ld+json\" class=\"yoast-schema-graph\">{\"@context\":\"https:\\\/\\\/schema.org\",\"@graph\":[{\"@type\":\"Article\",\"@id\":\"https:\\\/\\\/aliancasocial.org\\\/acao-com-instituto-ilumina-arrecada-r-700-mil-e-impulsiona-missao-social-da-alianca\\\/#article\",\"isPartOf\":{\"@id\":\"https:\\\/\\\/aliancasocial.org\\\/acao-com-instituto-ilumina-arrecada-r-700-mil-e-impulsiona-missao-social-da-alianca\\\/\"},\"author\":{\"name\":\"Fernanda Monzambani\",\"@id\":\"https:\\\/\\\/aliancasocial.org\\\/#\\\/schema\\\/person\\\/73a690df527bfd7df78ba35714ff67d4\"},\"headline\":\"A\u00e7\u00e3o com Instituto Ilumina arrecada R$ 700 mil e impulsiona miss\u00e3o social da Alian\u00e7a\",\"datePublished\":\"2025-10-03T12:51:07+00:00\",\"dateModified\":\"2025-10-03T12:51:11+00:00\",\"mainEntityOfPage\":{\"@id\":\"https:\\\/\\\/aliancasocial.org\\\/acao-com-instituto-ilumina-arrecada-r-700-mil-e-impulsiona-missao-social-da-alianca\\\/\"},\"wordCount\":686,\"publisher\":{\"@id\":\"https:\\\/\\\/aliancasocial.org\\\/#organization\"},\"image\":{\"@id\":\"https:\\\/\\\/aliancasocial.org\\\/acao-com-instituto-ilumina-arrecada-r-700-mil-e-impulsiona-missao-social-da-alianca\\\/#primaryimage\"},\"thumbnailUrl\":\"https:\\\/\\\/aliancasocial.org\\\/wp-content\\\/uploads\\\/2025\\\/10\\\/WhatsApp-Image-2025-10-02-at-15.49.14.jpeg\",\"articleSection\":[\"Sem Categoria\"],\"inLanguage\":\"en-US\"},{\"@type\":\"WebPage\",\"@id\":\"https:\\\/\\\/aliancasocial.org\\\/acao-com-instituto-ilumina-arrecada-r-700-mil-e-impulsiona-missao-social-da-alianca\\\/\",\"url\":\"https:\\\/\\\/aliancasocial.org\\\/acao-com-instituto-ilumina-arrecada-r-700-mil-e-impulsiona-missao-social-da-alianca\\\/\",\"name\":\"A\u00e7\u00e3o com Instituto Ilumina arrecada R$ 700 mil e impulsiona miss\u00e3o social da Alian\u00e7a - Alian\u00e7a de Miseric\u00f3rdia\",\"isPartOf\":{\"@id\":\"https:\\\/\\\/aliancasocial.org\\\/#website\"},\"primaryImageOfPage\":{\"@id\":\"https:\\\/\\\/aliancasocial.org\\\/acao-com-instituto-ilumina-arrecada-r-700-mil-e-impulsiona-missao-social-da-alianca\\\/#primaryimage\"},\"image\":{\"@id\":\"https:\\\/\\\/aliancasocial.org\\\/acao-com-instituto-ilumina-arrecada-r-700-mil-e-impulsiona-missao-social-da-alianca\\\/#primaryimage\"},\"thumbnailUrl\":\"https:\\\/\\\/aliancasocial.org\\\/wp-content\\\/uploads\\\/2025\\\/10\\\/WhatsApp-Image-2025-10-02-at-15.49.14.jpeg\",\"datePublished\":\"2025-10-03T12:51:07+00:00\",\"dateModified\":\"2025-10-03T12:51:11+00:00\",\"breadcrumb\":{\"@id\":\"https:\\\/\\\/aliancasocial.org\\\/acao-com-instituto-ilumina-arrecada-r-700-mil-e-impulsiona-missao-social-da-alianca\\\/#breadcrumb\"},\"inLanguage\":\"en-US\",\"potentialAction\":[{\"@type\":\"ReadAction\",\"target\":[\"https:\\\/\\\/aliancasocial.org\\\/acao-com-instituto-ilumina-arrecada-r-700-mil-e-impulsiona-missao-social-da-alianca\\\/\"]}]},{\"@type\":\"ImageObject\",\"inLanguage\":\"en-US\",\"@id\":\"https:\\\/\\\/aliancasocial.org\\\/acao-com-instituto-ilumina-arrecada-r-700-mil-e-impulsiona-missao-social-da-alianca\\\/#primaryimage\",\"url\":\"https:\\\/\\\/aliancasocial.org\\\/wp-content\\\/uploads\\\/2025\\\/10\\\/WhatsApp-Image-2025-10-02-at-15.49.14.jpeg\",\"contentUrl\":\"https:\\\/\\\/aliancasocial.org\\\/wp-content\\\/uploads\\\/2025\\\/10\\\/WhatsApp-Image-2025-10-02-at-15.49.14.jpeg\",\"width\":1600,\"height\":1202},{\"@type\":\"BreadcrumbList\",\"@id\":\"https:\\\/\\\/aliancasocial.org\\\/acao-com-instituto-ilumina-arrecada-r-700-mil-e-impulsiona-missao-social-da-alianca\\\/#breadcrumb\",\"itemListElement\":[{\"@type\":\"ListItem\",\"position\":1,\"name\":\"In\u00edcio\",\"item\":\"https:\\\/\\\/aliancasocial.org\\\/en\\\/\"},{\"@type\":\"ListItem\",\"position\":2,\"name\":\"A\u00e7\u00e3o com Instituto Ilumina arrecada R$ 700 mil e impulsiona miss\u00e3o social da Alian\u00e7a\"}]},{\"@type\":\"WebSite\",\"@id\":\"https:\\\/\\\/aliancasocial.org\\\/#website\",\"url\":\"https:\\\/\\\/aliancasocial.org\\\/\",\"name\":\"Alian\u00e7a de Miseric\u00f3rdia\",\"description\":\"Levando dignidade humana a todos os cantos do mundo\",\"publisher\":{\"@id\":\"https:\\\/\\\/aliancasocial.org\\\/#organization\"},\"potentialAction\":[{\"@type\":\"SearchAction\",\"target\":{\"@type\":\"EntryPoint\",\"urlTemplate\":\"https:\\\/\\\/aliancasocial.org\\\/?s={search_term_string}\"},\"query-input\":{\"@type\":\"PropertyValueSpecification\",\"valueRequired\":true,\"valueName\":\"search_term_string\"}}],\"inLanguage\":\"en-US\"},{\"@type\":\"Organization\",\"@id\":\"https:\\\/\\\/aliancasocial.org\\\/#organization\",\"name\":\"Alian\u00e7a de Miseric\u00f3rdia\",\"url\":\"https:\\\/\\\/aliancasocial.org\\\/\",\"logo\":{\"@type\":\"ImageObject\",\"inLanguage\":\"en-US\",\"@id\":\"https:\\\/\\\/aliancasocial.org\\\/#\\\/schema\\\/logo\\\/image\\\/\",\"url\":\"https:\\\/\\\/aliancasocial.org\\\/wp-content\\\/uploads\\\/2022\\\/07\\\/logo-alianca-marrom.svg\",\"contentUrl\":\"https:\\\/\\\/aliancasocial.org\\\/wp-content\\\/uploads\\\/2022\\\/07\\\/logo-alianca-marrom.svg\",\"width\":91,\"height\":33,\"caption\":\"Alian\u00e7a de Miseric\u00f3rdia\"},\"image\":{\"@id\":\"https:\\\/\\\/aliancasocial.org\\\/#\\\/schema\\\/logo\\\/image\\\/\"},\"sameAs\":[\"https:\\\/\\\/www.facebook.com\\\/iesmisericordia\\\/\",\"https:\\\/\\\/www.instagram.com\\\/aliancademisericordia\\\/\"]},{\"@type\":\"Person\",\"@id\":\"https:\\\/\\\/aliancasocial.org\\\/#\\\/schema\\\/person\\\/73a690df527bfd7df78ba35714ff67d4\",\"name\":\"Fernanda Monzambani\",\"image\":{\"@type\":\"ImageObject\",\"inLanguage\":\"en-US\",\"@id\":\"https:\\\/\\\/secure.gravatar.com\\\/avatar\\\/aa6d89063e21cd9638051b6cd0602c108d4b79b0898534c712d68409f7e5b64c?s=96&d=mm&r=g\",\"url\":\"https:\\\/\\\/secure.gravatar.com\\\/avatar\\\/aa6d89063e21cd9638051b6cd0602c108d4b79b0898534c712d68409f7e5b64c?s=96&d=mm&r=g\",\"contentUrl\":\"https:\\\/\\\/secure.gravatar.com\\\/avatar\\\/aa6d89063e21cd9638051b6cd0602c108d4b79b0898534c712d68409f7e5b64c?s=96&d=mm&r=g\",\"caption\":\"Fernanda Monzambani\"},\"url\":\"https:\\\/\\\/aliancasocial.org\\\/en\\\/author\\\/fernanda\\\/\"}]}<\/script>\n<!-- \/ Yoast SEO plugin. -->","yoast_head_json":{"title":"A\u00e7\u00e3o com Instituto Ilumina arrecada R$ 700 mil e impulsiona miss\u00e3o social da Alian\u00e7a - Alian\u00e7a de Miseric\u00f3rdia","robots":{"index":"index","follow":"follow","max-snippet":"max-snippet:-1","max-image-preview":"max-image-preview:large","max-video-preview":"max-video-preview:-1"},"canonical":"https:\/\/aliancasocial.org\/en\/acao-com-instituto-ilumina-arrecada-r-700-mil-e-impulsiona-missao-social-da-alianca\/","og_locale":"en_US","og_type":"article","og_title":"A\u00e7\u00e3o com Instituto Ilumina arrecada R$ 700 mil e impulsiona miss\u00e3o social da Alian\u00e7a - Alian\u00e7a de Miseric\u00f3rdia","og_description":"O S\u00edtio Botuquara, casa m\u00e3e da Alian\u00e7a de Miseric\u00f3rdia em S\u00e3o Paulo, recebeu nesta quarta-feira (2) um encontro que celebrou uma parceria concreta em favor dos mais vulner\u00e1veis. Fundadoras e volunt\u00e1rias do Instituto Ilumina e da Alian\u00e7a se reuniram para um almo\u00e7o de gratid\u00e3o pela a\u00e7\u00e3o realizada ao longo do m\u00eas de setembro, que resultou [&hellip;]","og_url":"https:\/\/aliancasocial.org\/en\/acao-com-instituto-ilumina-arrecada-r-700-mil-e-impulsiona-missao-social-da-alianca\/","og_site_name":"Alian\u00e7a de Miseric\u00f3rdia","article_publisher":"https:\/\/www.facebook.com\/iesmisericordia\/","article_published_time":"2025-10-03T12:51:07+00:00","article_modified_time":"2025-10-03T12:51:11+00:00","og_image":[{"width":1600,"height":1202,"url":"https:\/\/aliancasocial.org\/wp-content\/uploads\/2025\/10\/WhatsApp-Image-2025-10-02-at-15.49.14.jpeg","type":"image\/jpeg"}],"author":"Fernanda Monzambani","twitter_card":"summary_large_image","twitter_misc":{"Written by":"Fernanda Monzambani","Est. reading time":"4 minutes"},"schema":{"@context":"https:\/\/schema.org","@graph":[{"@type":"Article","@id":"https:\/\/aliancasocial.org\/acao-com-instituto-ilumina-arrecada-r-700-mil-e-impulsiona-missao-social-da-alianca\/#article","isPartOf":{"@id":"https:\/\/aliancasocial.org\/acao-com-instituto-ilumina-arrecada-r-700-mil-e-impulsiona-missao-social-da-alianca\/"},"author":{"name":"Fernanda Monzambani","@id":"https:\/\/aliancasocial.org\/#\/schema\/person\/73a690df527bfd7df78ba35714ff67d4"},"headline":"A\u00e7\u00e3o com Instituto Ilumina arrecada R$ 700 mil e impulsiona miss\u00e3o social da Alian\u00e7a","datePublished":"2025-10-03T12:51:07+00:00","dateModified":"2025-10-03T12:51:11+00:00","mainEntityOfPage":{"@id":"https:\/\/aliancasocial.org\/acao-com-instituto-ilumina-arrecada-r-700-mil-e-impulsiona-missao-social-da-alianca\/"},"wordCount":686,"publisher":{"@id":"https:\/\/aliancasocial.org\/#organization"},"image":{"@id":"https:\/\/aliancasocial.org\/acao-com-instituto-ilumina-arrecada-r-700-mil-e-impulsiona-missao-social-da-alianca\/#primaryimage"},"thumbnailUrl":"https:\/\/aliancasocial.org\/wp-content\/uploads\/2025\/10\/WhatsApp-Image-2025-10-02-at-15.49.14.jpeg","articleSection":["Sem Categoria"],"inLanguage":"en-US"},{"@type":"WebPage","@id":"https:\/\/aliancasocial.org\/acao-com-instituto-ilumina-arrecada-r-700-mil-e-impulsiona-missao-social-da-alianca\/","url":"https:\/\/aliancasocial.org\/acao-com-instituto-ilumina-arrecada-r-700-mil-e-impulsiona-missao-social-da-alianca\/","name":"A\u00e7\u00e3o com Instituto Ilumina arrecada R$ 700 mil e impulsiona miss\u00e3o social da Alian\u00e7a - Alian\u00e7a de Miseric\u00f3rdia","isPartOf":{"@id":"https:\/\/aliancasocial.org\/#website"},"primaryImageOfPage":{"@id":"https:\/\/aliancasocial.org\/acao-com-instituto-ilumina-arrecada-r-700-mil-e-impulsiona-missao-social-da-alianca\/#primaryimage"},"image":{"@id":"https:\/\/aliancasocial.org\/acao-com-instituto-ilumina-arrecada-r-700-mil-e-impulsiona-missao-social-da-alianca\/#primaryimage"},"thumbnailUrl":"https:\/\/aliancasocial.org\/wp-content\/uploads\/2025\/10\/WhatsApp-Image-2025-10-02-at-15.49.14.jpeg","datePublished":"2025-10-03T12:51:07+00:00","dateModified":"2025-10-03T12:51:11+00:00","breadcrumb":{"@id":"https:\/\/aliancasocial.org\/acao-com-instituto-ilumina-arrecada-r-700-mil-e-impulsiona-missao-social-da-alianca\/#breadcrumb"},"inLanguage":"en-US","potentialAction":[{"@type":"ReadAction","target":["https:\/\/aliancasocial.org\/acao-com-instituto-ilumina-arrecada-r-700-mil-e-impulsiona-missao-social-da-alianca\/"]}]},{"@type":"ImageObject","inLanguage":"en-US","@id":"https:\/\/aliancasocial.org\/acao-com-instituto-ilumina-arrecada-r-700-mil-e-impulsiona-missao-social-da-alianca\/#primaryimage","url":"https:\/\/aliancasocial.org\/wp-content\/uploads\/2025\/10\/WhatsApp-Image-2025-10-02-at-15.49.14.jpeg","contentUrl":"https:\/\/aliancasocial.org\/wp-content\/uploads\/2025\/10\/WhatsApp-Image-2025-10-02-at-15.49.14.jpeg","width":1600,"height":1202},{"@type":"BreadcrumbList","@id":"https:\/\/aliancasocial.org\/acao-com-instituto-ilumina-arrecada-r-700-mil-e-impulsiona-missao-social-da-alianca\/#breadcrumb","itemListElement":[{"@type":"ListItem","position":1,"name":"In\u00edcio","item":"https:\/\/aliancasocial.org\/en\/"},{"@type":"ListItem","position":2,"name":"A\u00e7\u00e3o com Instituto Ilumina arrecada R$ 700 mil e impulsiona miss\u00e3o social da Alian\u00e7a"}]},{"@type":"WebSite","@id":"https:\/\/aliancasocial.org\/#website","url":"https:\/\/aliancasocial.org\/","name":"Covenant of Mercy","description":"Bringing human dignity to every corner of the world","publisher":{"@id":"https:\/\/aliancasocial.org\/#organization"},"potentialAction":[{"@type":"SearchAction","target":{"@type":"EntryPoint","urlTemplate":"https:\/\/aliancasocial.org\/?s={search_term_string}"},"query-input":{"@type":"PropertyValueSpecification","valueRequired":true,"valueName":"search_term_string"}}],"inLanguage":"en-US"},{"@type":"Organization","@id":"https:\/\/aliancasocial.org\/#organization","name":"Covenant of Mercy","url":"https:\/\/aliancasocial.org\/","logo":{"@type":"ImageObject","inLanguage":"en-US","@id":"https:\/\/aliancasocial.org\/#\/schema\/logo\/image\/","url":"https:\/\/aliancasocial.org\/wp-content\/uploads\/2022\/07\/logo-alianca-marrom.svg","contentUrl":"https:\/\/aliancasocial.org\/wp-content\/uploads\/2022\/07\/logo-alianca-marrom.svg","width":91,"height":33,"caption":"Alian\u00e7a de Miseric\u00f3rdia"},"image":{"@id":"https:\/\/aliancasocial.org\/#\/schema\/logo\/image\/"},"sameAs":["https:\/\/www.facebook.com\/iesmisericordia\/","https:\/\/www.instagram.com\/aliancademisericordia\/"]},{"@type":"Person","@id":"https:\/\/aliancasocial.org\/#\/schema\/person\/73a690df527bfd7df78ba35714ff67d4","name":"Fernanda Monzambani","image":{"@type":"ImageObject","inLanguage":"en-US","@id":"https:\/\/secure.gravatar.com\/avatar\/aa6d89063e21cd9638051b6cd0602c108d4b79b0898534c712d68409f7e5b64c?s=96&d=mm&r=g","url":"https:\/\/secure.gravatar.com\/avatar\/aa6d89063e21cd9638051b6cd0602c108d4b79b0898534c712d68409f7e5b64c?s=96&d=mm&r=g","contentUrl":"https:\/\/secure.gravatar.com\/avatar\/aa6d89063e21cd9638051b6cd0602c108d4b79b0898534c712d68409f7e5b64c?s=96&d=mm&r=g","caption":"Fernanda Monzambani"},"url":"https:\/\/aliancasocial.org\/en\/author\/fernanda\/"}]}},"_links":{"self":[{"href":"https:\/\/aliancasocial.org\/en\/wp-json\/wp\/v2\/posts\/11912","targetHints":{"allow":["GET"]}}],"collection":[{"href":"https:\/\/aliancasocial.org\/en\/wp-json\/wp\/v2\/posts"}],"about":[{"href":"https:\/\/aliancasocial.org\/en\/wp-json\/wp\/v2\/types\/post"}],"author":[{"embeddable":true,"href":"https:\/\/aliancasocial.org\/en\/wp-json\/wp\/v2\/users\/8"}],"replies":[{"embeddable":true,"href":"https:\/\/aliancasocial.org\/en\/wp-json\/wp\/v2\/comments?post=11912"}],"version-history":[{"count":1,"href":"https:\/\/aliancasocial.org\/en\/wp-json\/wp\/v2\/posts\/11912\/revisions"}],"predecessor-version":[{"id":11914,"href":"https:\/\/aliancasocial.org\/en\/wp-json\/wp\/v2\/posts\/11912\/revisions\/11914"}],"wp:featuredmedia":[{"embeddable":true,"href":"https:\/\/aliancasocial.org\/en\/wp-json\/wp\/v2\/media\/11913"}],"wp:attachment":[{"href":"https:\/\/aliancasocial.org\/en\/wp-json\/wp\/v2\/media?parent=11912"}],"wp:term":[{"taxonomy":"category","embeddable":true,"href":"https:\/\/aliancasocial.org\/en\/wp-json\/wp\/v2\/categories?post=11912"},{"taxonomy":"post_tag","embeddable":true,"href":"https:\/\/aliancasocial.org\/en\/wp-json\/wp\/v2\/tags?post=11912"},{"taxonomy":"destaques","embeddable":true,"href":"https:\/\/aliancasocial.org\/en\/wp-json\/wp\/v2\/destaques?post=11912"}],"curies":[{"name":"wp","href":"https:\/\/api.w.org\/{rel}","templated":true}]}}