{"id":11916,"date":"2025-10-29T16:01:13","date_gmt":"2025-10-29T19:01:13","guid":{"rendered":"https:\/\/aliancasocial.org\/?p=11916"},"modified":"2025-10-29T16:01:17","modified_gmt":"2025-10-29T19:01:17","slug":"alianca-de-misericordia-marca-presenca-no-3o-congresso-de-compliance-e-etica-empresarial-do-ibdee","status":"publish","type":"post","link":"https:\/\/aliancasocial.org\/en\/alianca-de-misericordia-marca-presenca-no-3o-congresso-de-compliance-e-etica-empresarial-do-ibdee\/","title":{"rendered":"Alliance of Mercy is present at the 3rd Congress on Compliance and Business Ethics of IBDEE."},"content":{"rendered":"<p>A <strong>Covenant of Mercy<\/strong> participated, with great joy and evangelizing mission, in the 3rd edition of <strong>Compliance and Business Ethics Congress<\/strong>, promoted by <strong>Brazilian Institute of Business Law and Ethics (IBDEE)<\/strong>, on the day <strong>October 24, 2025<\/strong>, in <strong>S\u00e3o Paulo\/SP<\/strong>. The event&#039;s theme was... <strong>\u201c&quot;Transformative Behaviors: Ethical Challenges and Solutions&quot;\u201d<\/strong>, bringing together leading figures from the legal, business, and academic fields to discuss current and relevant topics in the area of compliance.<\/p>\n\n\n\n<h2 class=\"wp-block-heading\">A space for dialogue between ethics, social transformation, and evangelization.<\/h2>\n\n\n\n<p>The Alliance&#039;s participation in the congress represented a valuable opportunity to <strong>dialogue between the corporate world and the social and evangelizing mission of the Church<\/strong>. Ethics, one of the pillars of the event, is also one of the fundamental cornerstones of the spirituality and actions of the Alliance of Mercy.<\/p>\n\n\n\n<p>With its own booth on site, the Alliance team was able to present to participants the main social projects developed, with special emphasis on... <strong>Vila Core<\/strong>, a space for welcoming, empowering, and social reintegration aimed at people in vulnerable situations. The public had access to informational materials, testimonials, and also products from <strong>social business \u201cAlerta Core\u201d<\/strong>, whose income is reinvested in maintaining the social activities of the organization.<\/p>\n\n\n\n<h2 class=\"wp-block-heading\">Partnerships that bear fruit and promote dignity.<\/h2>\n\n\n\n<p>The Alliance deeply thanks the president of IBDEE, Godofredo Mendes Vianna, and the event organizers, who generously provided the space for the Alliance to present itself. The presence at the congress was not merely an institutional action, but a true commitment. <strong>A witness to God&#039;s Mercy in the midst of the professional world.<\/strong>, demonstrating that it is possible, and necessary, to combine technical expertise with human and Christian values.<\/p>\n\n\n\n<p>During the event, the following took place: <strong>Important contacts with companies, legal professionals, and representatives of civil society.<\/strong>, Anyone interested in learning more about the Alliance&#039;s work and potentially becoming a partner in social causes that promote dignity, education, and life transformation.<\/p>\n\n\n\n<h2 class=\"wp-block-heading\">Inserting a Discount Coupon and Social Ticket<\/h2>\n\n\n\n<p>In a gesture of partnership and inclusion, a <strong>special discount coupon<\/strong> for Alliance collaborators and partners who wished to participate in the event. In addition, IBDEE offered <strong>social tickets<\/strong>, making access to the congress more accessible to representatives of third-sector organizations, such as the Alliance.<\/p>\n\n\n\n<h2 class=\"wp-block-heading\">Evangelizing with ethics and love: the mission continues.<\/h2>\n\n\n\n<p>The event was also an occasion for <strong>Public witness of faith and commitment to the poor.<\/strong>, In an environment where social reality often seems distant, demonstrating the power of Mercy through concrete and structured actions is an essential part of the Alliance&#039;s charism.<\/p>\n\n\n\n<p>As I said <strong>Bruna<\/strong>, a collaborator of the Alliance who participated in the congress:<\/p>\n\n\n\n<blockquote class=\"wp-block-quote is-layout-flow wp-block-quote-is-layout-flow\">\n<p>\u201cWe are very happy to be here. We were able to introduce the Alliance to many who were not yet familiar with it, strengthen our ties with partners, and show that ethics and love for others go hand in hand. Our thanks to IBDEE for this invaluable partnership!\u201d<\/p>\n<\/blockquote>\n\n\n\n<p>A <strong>Covenant of Mercy<\/strong> He remains steadfast in his mission: <strong>to evangelize and restore lives through the power of Mercy<\/strong>, now also with new bridges built in the business and legal worlds.<\/p>","protected":false},"excerpt":{"rendered":"<p>A Alian\u00e7a de Miseric\u00f3rdia participou, com grande alegria e miss\u00e3o evangelizadora, da 3\u00aa edi\u00e7\u00e3o do Congresso de Compliance e \u00c9tica Empresarial, promovido pelo Instituto Brasileiro de Direito e \u00c9tica Empresarial (IBDEE), no dia 24 de outubro de 2025, em S\u00e3o Paulo\/SP. O evento teve como tema \u201cCondutas que transformam: desafios e solu\u00e7\u00f5es \u00e9ticas\u201d, reunindo grandes [&hellip;]<\/p>\n","protected":false},"author":8,"featured_media":11917,"comment_status":"closed","ping_status":"closed","sticky":false,"template":"","format":"standard","meta":{"footnotes":""},"categories":[1],"tags":[],"destaques":[],"class_list":["post-11916","post","type-post","status-publish","format-standard","has-post-thumbnail","hentry","category-sem-categoria"],"yoast_head":"<!-- This site is optimized with the Yoast SEO plugin v27.4 - https:\/\/yoast.com\/product\/yoast-seo-wordpress\/ -->\n<title>Alian\u00e7a de Miseric\u00f3rdia marca presen\u00e7a no 3\u00ba Congresso de Compliance e \u00c9tica Empresarial do IBDEE - Alian\u00e7a de Miseric\u00f3rdia<\/title>\n<meta name=\"robots\" content=\"index, follow, max-snippet:-1, max-image-preview:large, max-video-preview:-1\" \/>\n<link rel=\"canonical\" href=\"https:\/\/aliancasocial.org\/en\/alianca-de-misericordia-marca-presenca-no-3o-congresso-de-compliance-e-etica-empresarial-do-ibdee\/\" \/>\n<meta property=\"og:locale\" content=\"en_US\" \/>\n<meta property=\"og:type\" content=\"article\" \/>\n<meta property=\"og:title\" content=\"Alian\u00e7a de Miseric\u00f3rdia marca presen\u00e7a no 3\u00ba Congresso de Compliance e \u00c9tica Empresarial do IBDEE - Alian\u00e7a de Miseric\u00f3rdia\" \/>\n<meta property=\"og:description\" content=\"A Alian\u00e7a de Miseric\u00f3rdia participou, com grande alegria e miss\u00e3o evangelizadora, da 3\u00aa edi\u00e7\u00e3o do Congresso de Compliance e \u00c9tica Empresarial, promovido pelo Instituto Brasileiro de Direito e \u00c9tica Empresarial (IBDEE), no dia 24 de outubro de 2025, em S\u00e3o Paulo\/SP. O evento teve como tema \u201cCondutas que transformam: desafios e solu\u00e7\u00f5es \u00e9ticas\u201d, reunindo grandes [&hellip;]\" \/>\n<meta property=\"og:url\" content=\"https:\/\/aliancasocial.org\/en\/alianca-de-misericordia-marca-presenca-no-3o-congresso-de-compliance-e-etica-empresarial-do-ibdee\/\" \/>\n<meta property=\"og:site_name\" content=\"Alian\u00e7a de Miseric\u00f3rdia\" \/>\n<meta property=\"article:publisher\" content=\"https:\/\/www.facebook.com\/iesmisericordia\/\" \/>\n<meta property=\"article:published_time\" content=\"2025-10-29T19:01:13+00:00\" \/>\n<meta property=\"article:modified_time\" content=\"2025-10-29T19:01:17+00:00\" \/>\n<meta property=\"og:image\" content=\"https:\/\/aliancasocial.org\/wp-content\/uploads\/2025\/10\/WhatsApp-Image-2025-10-24-at-17.54.47-scaled.jpeg\" \/>\n\t<meta property=\"og:image:width\" content=\"1920\" \/>\n\t<meta property=\"og:image:height\" content=\"2560\" \/>\n\t<meta property=\"og:image:type\" content=\"image\/jpeg\" \/>\n<meta name=\"author\" content=\"Fernanda Monzambani\" \/>\n<meta name=\"twitter:card\" content=\"summary_large_image\" \/>\n<meta name=\"twitter:label1\" content=\"Written by\" \/>\n\t<meta name=\"twitter:data1\" content=\"Fernanda Monzambani\" \/>\n\t<meta name=\"twitter:label2\" content=\"Est. reading time\" \/>\n\t<meta name=\"twitter:data2\" content=\"3 minutes\" \/>\n<script type=\"application\/ld+json\" class=\"yoast-schema-graph\">{\"@context\":\"https:\\\/\\\/schema.org\",\"@graph\":[{\"@type\":\"Article\",\"@id\":\"https:\\\/\\\/aliancasocial.org\\\/alianca-de-misericordia-marca-presenca-no-3o-congresso-de-compliance-e-etica-empresarial-do-ibdee\\\/#article\",\"isPartOf\":{\"@id\":\"https:\\\/\\\/aliancasocial.org\\\/alianca-de-misericordia-marca-presenca-no-3o-congresso-de-compliance-e-etica-empresarial-do-ibdee\\\/\"},\"author\":{\"name\":\"Fernanda Monzambani\",\"@id\":\"https:\\\/\\\/aliancasocial.org\\\/#\\\/schema\\\/person\\\/78098b551faec531645dbd5d82778414\"},\"headline\":\"Alian\u00e7a de Miseric\u00f3rdia marca presen\u00e7a no 3\u00ba Congresso de Compliance e \u00c9tica Empresarial do IBDEE\",\"datePublished\":\"2025-10-29T19:01:13+00:00\",\"dateModified\":\"2025-10-29T19:01:17+00:00\",\"mainEntityOfPage\":{\"@id\":\"https:\\\/\\\/aliancasocial.org\\\/alianca-de-misericordia-marca-presenca-no-3o-congresso-de-compliance-e-etica-empresarial-do-ibdee\\\/\"},\"wordCount\":592,\"publisher\":{\"@id\":\"https:\\\/\\\/aliancasocial.org\\\/#organization\"},\"image\":{\"@id\":\"https:\\\/\\\/aliancasocial.org\\\/alianca-de-misericordia-marca-presenca-no-3o-congresso-de-compliance-e-etica-empresarial-do-ibdee\\\/#primaryimage\"},\"thumbnailUrl\":\"https:\\\/\\\/aliancasocial.org\\\/wp-content\\\/uploads\\\/2025\\\/10\\\/WhatsApp-Image-2025-10-24-at-17.54.47-scaled.jpeg\",\"articleSection\":[\"Sem Categoria\"],\"inLanguage\":\"en-US\"},{\"@type\":\"WebPage\",\"@id\":\"https:\\\/\\\/aliancasocial.org\\\/alianca-de-misericordia-marca-presenca-no-3o-congresso-de-compliance-e-etica-empresarial-do-ibdee\\\/\",\"url\":\"https:\\\/\\\/aliancasocial.org\\\/alianca-de-misericordia-marca-presenca-no-3o-congresso-de-compliance-e-etica-empresarial-do-ibdee\\\/\",\"name\":\"Alian\u00e7a de Miseric\u00f3rdia marca presen\u00e7a no 3\u00ba Congresso de Compliance e \u00c9tica Empresarial do IBDEE - Alian\u00e7a de Miseric\u00f3rdia\",\"isPartOf\":{\"@id\":\"https:\\\/\\\/aliancasocial.org\\\/#website\"},\"primaryImageOfPage\":{\"@id\":\"https:\\\/\\\/aliancasocial.org\\\/alianca-de-misericordia-marca-presenca-no-3o-congresso-de-compliance-e-etica-empresarial-do-ibdee\\\/#primaryimage\"},\"image\":{\"@id\":\"https:\\\/\\\/aliancasocial.org\\\/alianca-de-misericordia-marca-presenca-no-3o-congresso-de-compliance-e-etica-empresarial-do-ibdee\\\/#primaryimage\"},\"thumbnailUrl\":\"https:\\\/\\\/aliancasocial.org\\\/wp-content\\\/uploads\\\/2025\\\/10\\\/WhatsApp-Image-2025-10-24-at-17.54.47-scaled.jpeg\",\"datePublished\":\"2025-10-29T19:01:13+00:00\",\"dateModified\":\"2025-10-29T19:01:17+00:00\",\"breadcrumb\":{\"@id\":\"https:\\\/\\\/aliancasocial.org\\\/alianca-de-misericordia-marca-presenca-no-3o-congresso-de-compliance-e-etica-empresarial-do-ibdee\\\/#breadcrumb\"},\"inLanguage\":\"en-US\",\"potentialAction\":[{\"@type\":\"ReadAction\",\"target\":[\"https:\\\/\\\/aliancasocial.org\\\/alianca-de-misericordia-marca-presenca-no-3o-congresso-de-compliance-e-etica-empresarial-do-ibdee\\\/\"]}]},{\"@type\":\"ImageObject\",\"inLanguage\":\"en-US\",\"@id\":\"https:\\\/\\\/aliancasocial.org\\\/alianca-de-misericordia-marca-presenca-no-3o-congresso-de-compliance-e-etica-empresarial-do-ibdee\\\/#primaryimage\",\"url\":\"https:\\\/\\\/aliancasocial.org\\\/wp-content\\\/uploads\\\/2025\\\/10\\\/WhatsApp-Image-2025-10-24-at-17.54.47-scaled.jpeg\",\"contentUrl\":\"https:\\\/\\\/aliancasocial.org\\\/wp-content\\\/uploads\\\/2025\\\/10\\\/WhatsApp-Image-2025-10-24-at-17.54.47-scaled.jpeg\",\"width\":1920,\"height\":2560},{\"@type\":\"BreadcrumbList\",\"@id\":\"https:\\\/\\\/aliancasocial.org\\\/alianca-de-misericordia-marca-presenca-no-3o-congresso-de-compliance-e-etica-empresarial-do-ibdee\\\/#breadcrumb\",\"itemListElement\":[{\"@type\":\"ListItem\",\"position\":1,\"name\":\"In\u00edcio\",\"item\":\"https:\\\/\\\/aliancasocial.org\\\/en\\\/\"},{\"@type\":\"ListItem\",\"position\":2,\"name\":\"Alian\u00e7a de Miseric\u00f3rdia marca presen\u00e7a no 3\u00ba Congresso de Compliance e \u00c9tica Empresarial do IBDEE\"}]},{\"@type\":\"WebSite\",\"@id\":\"https:\\\/\\\/aliancasocial.org\\\/#website\",\"url\":\"https:\\\/\\\/aliancasocial.org\\\/\",\"name\":\"Alian\u00e7a de Miseric\u00f3rdia\",\"description\":\"Levando dignidade humana a todos os cantos do mundo\",\"publisher\":{\"@id\":\"https:\\\/\\\/aliancasocial.org\\\/#organization\"},\"potentialAction\":[{\"@type\":\"SearchAction\",\"target\":{\"@type\":\"EntryPoint\",\"urlTemplate\":\"https:\\\/\\\/aliancasocial.org\\\/?s={search_term_string}\"},\"query-input\":{\"@type\":\"PropertyValueSpecification\",\"valueRequired\":true,\"valueName\":\"search_term_string\"}}],\"inLanguage\":\"en-US\"},{\"@type\":\"Organization\",\"@id\":\"https:\\\/\\\/aliancasocial.org\\\/#organization\",\"name\":\"Alian\u00e7a de Miseric\u00f3rdia\",\"url\":\"https:\\\/\\\/aliancasocial.org\\\/\",\"logo\":{\"@type\":\"ImageObject\",\"inLanguage\":\"en-US\",\"@id\":\"https:\\\/\\\/aliancasocial.org\\\/#\\\/schema\\\/logo\\\/image\\\/\",\"url\":\"https:\\\/\\\/aliancasocial.org\\\/wp-content\\\/uploads\\\/2022\\\/07\\\/logo-alianca-marrom.svg\",\"contentUrl\":\"https:\\\/\\\/aliancasocial.org\\\/wp-content\\\/uploads\\\/2022\\\/07\\\/logo-alianca-marrom.svg\",\"width\":91,\"height\":33,\"caption\":\"Alian\u00e7a de Miseric\u00f3rdia\"},\"image\":{\"@id\":\"https:\\\/\\\/aliancasocial.org\\\/#\\\/schema\\\/logo\\\/image\\\/\"},\"sameAs\":[\"https:\\\/\\\/www.facebook.com\\\/iesmisericordia\\\/\",\"https:\\\/\\\/www.instagram.com\\\/aliancademisericordia\\\/\"]},{\"@type\":\"Person\",\"@id\":\"https:\\\/\\\/aliancasocial.org\\\/#\\\/schema\\\/person\\\/78098b551faec531645dbd5d82778414\",\"name\":\"Fernanda Monzambani\",\"image\":{\"@type\":\"ImageObject\",\"inLanguage\":\"en-US\",\"@id\":\"https:\\\/\\\/secure.gravatar.com\\\/avatar\\\/aa6d89063e21cd9638051b6cd0602c108d4b79b0898534c712d68409f7e5b64c?s=96&d=mm&r=g\",\"url\":\"https:\\\/\\\/secure.gravatar.com\\\/avatar\\\/aa6d89063e21cd9638051b6cd0602c108d4b79b0898534c712d68409f7e5b64c?s=96&d=mm&r=g\",\"contentUrl\":\"https:\\\/\\\/secure.gravatar.com\\\/avatar\\\/aa6d89063e21cd9638051b6cd0602c108d4b79b0898534c712d68409f7e5b64c?s=96&d=mm&r=g\",\"caption\":\"Fernanda Monzambani\"},\"url\":\"https:\\\/\\\/aliancasocial.org\\\/en\\\/author\\\/fernanda\\\/\"}]}<\/script>\n<!-- \/ Yoast SEO plugin. -->","yoast_head_json":{"title":"Alian\u00e7a de Miseric\u00f3rdia marca presen\u00e7a no 3\u00ba Congresso de Compliance e \u00c9tica Empresarial do IBDEE - Alian\u00e7a de Miseric\u00f3rdia","robots":{"index":"index","follow":"follow","max-snippet":"max-snippet:-1","max-image-preview":"max-image-preview:large","max-video-preview":"max-video-preview:-1"},"canonical":"https:\/\/aliancasocial.org\/en\/alianca-de-misericordia-marca-presenca-no-3o-congresso-de-compliance-e-etica-empresarial-do-ibdee\/","og_locale":"en_US","og_type":"article","og_title":"Alian\u00e7a de Miseric\u00f3rdia marca presen\u00e7a no 3\u00ba Congresso de Compliance e \u00c9tica Empresarial do IBDEE - Alian\u00e7a de Miseric\u00f3rdia","og_description":"A Alian\u00e7a de Miseric\u00f3rdia participou, com grande alegria e miss\u00e3o evangelizadora, da 3\u00aa edi\u00e7\u00e3o do Congresso de Compliance e \u00c9tica Empresarial, promovido pelo Instituto Brasileiro de Direito e \u00c9tica Empresarial (IBDEE), no dia 24 de outubro de 2025, em S\u00e3o Paulo\/SP. O evento teve como tema \u201cCondutas que transformam: desafios e solu\u00e7\u00f5es \u00e9ticas\u201d, reunindo grandes [&hellip;]","og_url":"https:\/\/aliancasocial.org\/en\/alianca-de-misericordia-marca-presenca-no-3o-congresso-de-compliance-e-etica-empresarial-do-ibdee\/","og_site_name":"Alian\u00e7a de Miseric\u00f3rdia","article_publisher":"https:\/\/www.facebook.com\/iesmisericordia\/","article_published_time":"2025-10-29T19:01:13+00:00","article_modified_time":"2025-10-29T19:01:17+00:00","og_image":[{"width":1920,"height":2560,"url":"https:\/\/aliancasocial.org\/wp-content\/uploads\/2025\/10\/WhatsApp-Image-2025-10-24-at-17.54.47-scaled.jpeg","type":"image\/jpeg"}],"author":"Fernanda Monzambani","twitter_card":"summary_large_image","twitter_misc":{"Written by":"Fernanda Monzambani","Est. reading time":"3 minutes"},"schema":{"@context":"https:\/\/schema.org","@graph":[{"@type":"Article","@id":"https:\/\/aliancasocial.org\/alianca-de-misericordia-marca-presenca-no-3o-congresso-de-compliance-e-etica-empresarial-do-ibdee\/#article","isPartOf":{"@id":"https:\/\/aliancasocial.org\/alianca-de-misericordia-marca-presenca-no-3o-congresso-de-compliance-e-etica-empresarial-do-ibdee\/"},"author":{"name":"Fernanda Monzambani","@id":"https:\/\/aliancasocial.org\/#\/schema\/person\/78098b551faec531645dbd5d82778414"},"headline":"Alian\u00e7a de Miseric\u00f3rdia marca presen\u00e7a no 3\u00ba Congresso de Compliance e \u00c9tica Empresarial do IBDEE","datePublished":"2025-10-29T19:01:13+00:00","dateModified":"2025-10-29T19:01:17+00:00","mainEntityOfPage":{"@id":"https:\/\/aliancasocial.org\/alianca-de-misericordia-marca-presenca-no-3o-congresso-de-compliance-e-etica-empresarial-do-ibdee\/"},"wordCount":592,"publisher":{"@id":"https:\/\/aliancasocial.org\/#organization"},"image":{"@id":"https:\/\/aliancasocial.org\/alianca-de-misericordia-marca-presenca-no-3o-congresso-de-compliance-e-etica-empresarial-do-ibdee\/#primaryimage"},"thumbnailUrl":"https:\/\/aliancasocial.org\/wp-content\/uploads\/2025\/10\/WhatsApp-Image-2025-10-24-at-17.54.47-scaled.jpeg","articleSection":["Sem Categoria"],"inLanguage":"en-US"},{"@type":"WebPage","@id":"https:\/\/aliancasocial.org\/alianca-de-misericordia-marca-presenca-no-3o-congresso-de-compliance-e-etica-empresarial-do-ibdee\/","url":"https:\/\/aliancasocial.org\/alianca-de-misericordia-marca-presenca-no-3o-congresso-de-compliance-e-etica-empresarial-do-ibdee\/","name":"Alian\u00e7a de Miseric\u00f3rdia marca presen\u00e7a no 3\u00ba Congresso de Compliance e \u00c9tica Empresarial do IBDEE - Alian\u00e7a de Miseric\u00f3rdia","isPartOf":{"@id":"https:\/\/aliancasocial.org\/#website"},"primaryImageOfPage":{"@id":"https:\/\/aliancasocial.org\/alianca-de-misericordia-marca-presenca-no-3o-congresso-de-compliance-e-etica-empresarial-do-ibdee\/#primaryimage"},"image":{"@id":"https:\/\/aliancasocial.org\/alianca-de-misericordia-marca-presenca-no-3o-congresso-de-compliance-e-etica-empresarial-do-ibdee\/#primaryimage"},"thumbnailUrl":"https:\/\/aliancasocial.org\/wp-content\/uploads\/2025\/10\/WhatsApp-Image-2025-10-24-at-17.54.47-scaled.jpeg","datePublished":"2025-10-29T19:01:13+00:00","dateModified":"2025-10-29T19:01:17+00:00","breadcrumb":{"@id":"https:\/\/aliancasocial.org\/alianca-de-misericordia-marca-presenca-no-3o-congresso-de-compliance-e-etica-empresarial-do-ibdee\/#breadcrumb"},"inLanguage":"en-US","potentialAction":[{"@type":"ReadAction","target":["https:\/\/aliancasocial.org\/alianca-de-misericordia-marca-presenca-no-3o-congresso-de-compliance-e-etica-empresarial-do-ibdee\/"]}]},{"@type":"ImageObject","inLanguage":"en-US","@id":"https:\/\/aliancasocial.org\/alianca-de-misericordia-marca-presenca-no-3o-congresso-de-compliance-e-etica-empresarial-do-ibdee\/#primaryimage","url":"https:\/\/aliancasocial.org\/wp-content\/uploads\/2025\/10\/WhatsApp-Image-2025-10-24-at-17.54.47-scaled.jpeg","contentUrl":"https:\/\/aliancasocial.org\/wp-content\/uploads\/2025\/10\/WhatsApp-Image-2025-10-24-at-17.54.47-scaled.jpeg","width":1920,"height":2560},{"@type":"BreadcrumbList","@id":"https:\/\/aliancasocial.org\/alianca-de-misericordia-marca-presenca-no-3o-congresso-de-compliance-e-etica-empresarial-do-ibdee\/#breadcrumb","itemListElement":[{"@type":"ListItem","position":1,"name":"In\u00edcio","item":"https:\/\/aliancasocial.org\/en\/"},{"@type":"ListItem","position":2,"name":"Alian\u00e7a de Miseric\u00f3rdia marca presen\u00e7a no 3\u00ba Congresso de Compliance e \u00c9tica Empresarial do IBDEE"}]},{"@type":"WebSite","@id":"https:\/\/aliancasocial.org\/#website","url":"https:\/\/aliancasocial.org\/","name":"Covenant of Mercy","description":"Bringing human dignity to every corner of the world","publisher":{"@id":"https:\/\/aliancasocial.org\/#organization"},"potentialAction":[{"@type":"SearchAction","target":{"@type":"EntryPoint","urlTemplate":"https:\/\/aliancasocial.org\/?s={search_term_string}"},"query-input":{"@type":"PropertyValueSpecification","valueRequired":true,"valueName":"search_term_string"}}],"inLanguage":"en-US"},{"@type":"Organization","@id":"https:\/\/aliancasocial.org\/#organization","name":"Covenant of Mercy","url":"https:\/\/aliancasocial.org\/","logo":{"@type":"ImageObject","inLanguage":"en-US","@id":"https:\/\/aliancasocial.org\/#\/schema\/logo\/image\/","url":"https:\/\/aliancasocial.org\/wp-content\/uploads\/2022\/07\/logo-alianca-marrom.svg","contentUrl":"https:\/\/aliancasocial.org\/wp-content\/uploads\/2022\/07\/logo-alianca-marrom.svg","width":91,"height":33,"caption":"Alian\u00e7a de Miseric\u00f3rdia"},"image":{"@id":"https:\/\/aliancasocial.org\/#\/schema\/logo\/image\/"},"sameAs":["https:\/\/www.facebook.com\/iesmisericordia\/","https:\/\/www.instagram.com\/aliancademisericordia\/"]},{"@type":"Person","@id":"https:\/\/aliancasocial.org\/#\/schema\/person\/78098b551faec531645dbd5d82778414","name":"Fernanda Monzambani","image":{"@type":"ImageObject","inLanguage":"en-US","@id":"https:\/\/secure.gravatar.com\/avatar\/aa6d89063e21cd9638051b6cd0602c108d4b79b0898534c712d68409f7e5b64c?s=96&d=mm&r=g","url":"https:\/\/secure.gravatar.com\/avatar\/aa6d89063e21cd9638051b6cd0602c108d4b79b0898534c712d68409f7e5b64c?s=96&d=mm&r=g","contentUrl":"https:\/\/secure.gravatar.com\/avatar\/aa6d89063e21cd9638051b6cd0602c108d4b79b0898534c712d68409f7e5b64c?s=96&d=mm&r=g","caption":"Fernanda Monzambani"},"url":"https:\/\/aliancasocial.org\/en\/author\/fernanda\/"}]}},"_links":{"self":[{"href":"https:\/\/aliancasocial.org\/en\/wp-json\/wp\/v2\/posts\/11916","targetHints":{"allow":["GET"]}}],"collection":[{"href":"https:\/\/aliancasocial.org\/en\/wp-json\/wp\/v2\/posts"}],"about":[{"href":"https:\/\/aliancasocial.org\/en\/wp-json\/wp\/v2\/types\/post"}],"author":[{"embeddable":true,"href":"https:\/\/aliancasocial.org\/en\/wp-json\/wp\/v2\/users\/8"}],"replies":[{"embeddable":true,"href":"https:\/\/aliancasocial.org\/en\/wp-json\/wp\/v2\/comments?post=11916"}],"version-history":[{"count":1,"href":"https:\/\/aliancasocial.org\/en\/wp-json\/wp\/v2\/posts\/11916\/revisions"}],"predecessor-version":[{"id":11918,"href":"https:\/\/aliancasocial.org\/en\/wp-json\/wp\/v2\/posts\/11916\/revisions\/11918"}],"wp:featuredmedia":[{"embeddable":true,"href":"https:\/\/aliancasocial.org\/en\/wp-json\/wp\/v2\/media\/11917"}],"wp:attachment":[{"href":"https:\/\/aliancasocial.org\/en\/wp-json\/wp\/v2\/media?parent=11916"}],"wp:term":[{"taxonomy":"category","embeddable":true,"href":"https:\/\/aliancasocial.org\/en\/wp-json\/wp\/v2\/categories?post=11916"},{"taxonomy":"post_tag","embeddable":true,"href":"https:\/\/aliancasocial.org\/en\/wp-json\/wp\/v2\/tags?post=11916"},{"taxonomy":"destaques","embeddable":true,"href":"https:\/\/aliancasocial.org\/en\/wp-json\/wp\/v2\/destaques?post=11916"}],"curies":[{"name":"wp","href":"https:\/\/api.w.org\/{rel}","templated":true}]}}