{"id":11995,"date":"2026-09-01T13:25:23","date_gmt":"2026-09-01T16:25:23","guid":{"rendered":"https:\/\/aliancasocial.org\/?p=11995"},"modified":"2026-05-12T13:26:46","modified_gmt":"2026-05-12T16:26:46","slug":"jovens-protagonistas-transformando-o-bairro-cidadania-ativa-no-cca-pe-pio","status":"publish","type":"post","link":"https:\/\/aliancasocial.org\/en\/jovens-protagonistas-transformando-o-bairro-cidadania-ativa-no-cca-pe-pio\/","title":{"rendered":"Young Protagonists Transforming the Neighborhood: Active Citizenship at the Padre Pio Community Center"},"content":{"rendered":"<p class=\"wp-block-paragraph\">The transformation of the world begins closer than we imagine\u2014it begins in the neighborhood, on the streets where we live, and in the realities we know firsthand. It was with this attentive and hopeful perspective that the teenagers of the Padre Pio Community Center (CCA) led a remarkable moment of active citizenship.<\/p>\n\n\n\n<p class=\"wp-block-paragraph\">During a visit to the Pirituba\/Jaragu\u00e1 Subprefecture, the young people had the opportunity to speak directly with the subprefect, Marcos Ant\u00f4nio Zerbini. More than just an institutional visit, the meeting was a true exercise in social participation and the building of civic awareness.<\/p>\n\n\n\n<p class=\"wp-block-paragraph\"><strong>Youth that observes, analyzes, and proposes.<\/strong><\/p>\n\n\n\n<p class=\"wp-block-paragraph\">Even before the visit, the teenagers carried out a detailed mapping of the region where they live. With photographic records and practical observations, they identified points that need improvement, raising real issues in the territory.<\/p>\n\n\n\n<p class=\"wp-block-paragraph\">This initiative demonstrates something essential: when young people are encouraged, they become agents of change. They not only recognize the challenges, but also seek solutions and spaces for dialogue.<\/p>\n\n\n\n<p class=\"wp-block-paragraph\"><strong>Active citizenship: learning by doing<\/strong><\/p>\n\n\n\n<p class=\"wp-block-paragraph\">The meeting with the sub-prefecture allowed these teenagers to share their ideas, present their demands, and actively participate in a conversation about the future of their own neighborhood.<\/p>\n\n\n\n<p class=\"wp-block-paragraph\">This experience goes far beyond theoretical learning. It involves human, social, and also spiritual formation, as it awakens a sense of responsibility for the common good\u2014a value deeply rooted in the social doctrine of the Church.<\/p>\n\n\n\n<p class=\"wp-block-paragraph\">As the Gospel reminds us: <em>\u201c&quot;You are the light of the world&quot;\u201d<\/em> (Mt 5:14). By taking a stand, these young people illuminate paths and inspire transformation.<\/p>\n\n\n\n<p class=\"wp-block-paragraph\"><strong>The role of the Padre Pio Community Center in the formation of young people.<\/strong><\/p>\n\n\n\n<p class=\"wp-block-paragraph\">The Padre Pio Community Center, promoted by the Alliance of Mercy, is a welcoming and holistic development space for children and adolescents in situations of social vulnerability.<\/p>\n\n\n\n<p class=\"wp-block-paragraph\">Through socio-educational activities, constant monitoring, and the strengthening of bonds, the project contributes to forming more conscious, proactive young people, prepared to build a fairer future.<\/p>\n\n\n\n<p class=\"wp-block-paragraph\">There, each child is encouraged to discover their worth, develop their talents, and understand that they can be an agent of change in society.<\/p>\n\n\n\n<p class=\"wp-block-paragraph\"><strong>Support this transformation.<\/strong><\/p>\n\n\n\n<p class=\"wp-block-paragraph\">Developing young leaders requires investment, dedication, and ongoing support. Every action taken is only possible thanks to the generosity of people who believe in this mission.<\/p>\n\n\n\n<p class=\"wp-block-paragraph\">You too can be a part of this change: \ud83d\udc9b Donate via Pix: doar@misericordia.com.br<br><\/p>","protected":false},"excerpt":{"rendered":"<p>A transforma\u00e7\u00e3o do mundo come\u00e7a mais perto do que imaginamos \u2014 come\u00e7a no bairro, nas ruas onde vivemos e nas realidades que conhecemos de perto. Foi com esse olhar atento e cheio de esperan\u00e7a que os adolescentes do CCA Pe. Pio protagonizaram um momento marcante de cidadania ativa. Em uma visita \u00e0 Subprefeitura de Pirituba\/Jaragu\u00e1, [&hellip;]<\/p>\n","protected":false},"author":8,"featured_media":3581,"comment_status":"closed","ping_status":"closed","sticky":false,"template":"","format":"standard","meta":{"footnotes":""},"categories":[1],"tags":[],"destaques":[],"class_list":["post-11995","post","type-post","status-publish","format-standard","has-post-thumbnail","hentry","category-sem-categoria"],"yoast_head":"<!-- This site is optimized with the Yoast SEO plugin v28.3 - https:\/\/yoast.com\/product\/yoast-seo-wordpress\/ -->\n<title>Jovens Protagonistas Transformando o Bairro: Cidadania Ativa no CCA Pe. Pio - Alian\u00e7a de Miseric\u00f3rdia<\/title>\n<meta name=\"robots\" content=\"index, follow, max-snippet:-1, max-image-preview:large, max-video-preview:-1\" \/>\n<link rel=\"canonical\" href=\"https:\/\/aliancasocial.org\/en\/jovens-protagonistas-transformando-o-bairro-cidadania-ativa-no-cca-pe-pio\/\" \/>\n<meta property=\"og:locale\" content=\"en_US\" \/>\n<meta property=\"og:type\" content=\"article\" \/>\n<meta property=\"og:title\" content=\"Jovens Protagonistas Transformando o Bairro: Cidadania Ativa no CCA Pe. Pio - Alian\u00e7a de Miseric\u00f3rdia\" \/>\n<meta property=\"og:description\" content=\"A transforma\u00e7\u00e3o do mundo come\u00e7a mais perto do que imaginamos \u2014 come\u00e7a no bairro, nas ruas onde vivemos e nas realidades que conhecemos de perto. Foi com esse olhar atento e cheio de esperan\u00e7a que os adolescentes do CCA Pe. Pio protagonizaram um momento marcante de cidadania ativa. Em uma visita \u00e0 Subprefeitura de Pirituba\/Jaragu\u00e1, [&hellip;]\" \/>\n<meta property=\"og:url\" content=\"https:\/\/aliancasocial.org\/en\/jovens-protagonistas-transformando-o-bairro-cidadania-ativa-no-cca-pe-pio\/\" \/>\n<meta property=\"og:site_name\" content=\"Alian\u00e7a de Miseric\u00f3rdia\" \/>\n<meta property=\"article:publisher\" content=\"https:\/\/www.facebook.com\/iesmisericordia\/\" \/>\n<meta property=\"article:published_time\" content=\"2026-09-01T16:25:23+00:00\" \/>\n<meta property=\"og:image\" content=\"https:\/\/aliancasocial.org\/wp-content\/uploads\/2022\/07\/PADRE-PIO.jpg\" \/>\n\t<meta property=\"og:image:width\" content=\"1235\" \/>\n\t<meta property=\"og:image:height\" content=\"916\" \/>\n\t<meta property=\"og:image:type\" content=\"image\/jpeg\" \/>\n<meta name=\"author\" content=\"Fernanda Monzambani\" \/>\n<meta name=\"twitter:card\" content=\"summary_large_image\" \/>\n<meta name=\"twitter:label1\" content=\"Written by\" \/>\n\t<meta name=\"twitter:data1\" content=\"Fernanda Monzambani\" \/>\n\t<meta name=\"twitter:label2\" content=\"Est. reading time\" \/>\n\t<meta name=\"twitter:data2\" content=\"3 minutes\" \/>\n<script type=\"application\/ld+json\" class=\"yoast-schema-graph\">{\"@context\":\"https:\\\/\\\/schema.org\",\"@graph\":[{\"@type\":\"Article\",\"@id\":\"https:\\\/\\\/aliancasocial.org\\\/jovens-protagonistas-transformando-o-bairro-cidadania-ativa-no-cca-pe-pio\\\/#article\",\"isPartOf\":{\"@id\":\"https:\\\/\\\/aliancasocial.org\\\/jovens-protagonistas-transformando-o-bairro-cidadania-ativa-no-cca-pe-pio\\\/\"},\"author\":{\"name\":\"Fernanda Monzambani\",\"@id\":\"https:\\\/\\\/aliancasocial.org\\\/#\\\/schema\\\/person\\\/739c9b9d797c0c7843add996a50b9c9b\"},\"headline\":\"Jovens Protagonistas Transformando o Bairro: Cidadania Ativa no CCA Pe. Pio\",\"datePublished\":\"2026-09-01T16:25:23+00:00\",\"mainEntityOfPage\":{\"@id\":\"https:\\\/\\\/aliancasocial.org\\\/jovens-protagonistas-transformando-o-bairro-cidadania-ativa-no-cca-pe-pio\\\/\"},\"wordCount\":424,\"publisher\":{\"@id\":\"https:\\\/\\\/aliancasocial.org\\\/#organization\"},\"image\":{\"@id\":\"https:\\\/\\\/aliancasocial.org\\\/jovens-protagonistas-transformando-o-bairro-cidadania-ativa-no-cca-pe-pio\\\/#primaryimage\"},\"thumbnailUrl\":\"https:\\\/\\\/aliancasocial.org\\\/wp-content\\\/uploads\\\/2022\\\/07\\\/PADRE-PIO.jpg\",\"articleSection\":[\"Sem Categoria\"],\"inLanguage\":\"en-US\"},{\"@type\":\"WebPage\",\"@id\":\"https:\\\/\\\/aliancasocial.org\\\/jovens-protagonistas-transformando-o-bairro-cidadania-ativa-no-cca-pe-pio\\\/\",\"url\":\"https:\\\/\\\/aliancasocial.org\\\/jovens-protagonistas-transformando-o-bairro-cidadania-ativa-no-cca-pe-pio\\\/\",\"name\":\"Jovens Protagonistas Transformando o Bairro: Cidadania Ativa no CCA Pe. Pio - Alian\u00e7a de Miseric\u00f3rdia\",\"isPartOf\":{\"@id\":\"https:\\\/\\\/aliancasocial.org\\\/#website\"},\"primaryImageOfPage\":{\"@id\":\"https:\\\/\\\/aliancasocial.org\\\/jovens-protagonistas-transformando-o-bairro-cidadania-ativa-no-cca-pe-pio\\\/#primaryimage\"},\"image\":{\"@id\":\"https:\\\/\\\/aliancasocial.org\\\/jovens-protagonistas-transformando-o-bairro-cidadania-ativa-no-cca-pe-pio\\\/#primaryimage\"},\"thumbnailUrl\":\"https:\\\/\\\/aliancasocial.org\\\/wp-content\\\/uploads\\\/2022\\\/07\\\/PADRE-PIO.jpg\",\"datePublished\":\"2026-09-01T16:25:23+00:00\",\"breadcrumb\":{\"@id\":\"https:\\\/\\\/aliancasocial.org\\\/jovens-protagonistas-transformando-o-bairro-cidadania-ativa-no-cca-pe-pio\\\/#breadcrumb\"},\"inLanguage\":\"en-US\",\"potentialAction\":[{\"@type\":\"ReadAction\",\"target\":[\"https:\\\/\\\/aliancasocial.org\\\/jovens-protagonistas-transformando-o-bairro-cidadania-ativa-no-cca-pe-pio\\\/\"]}]},{\"@type\":\"ImageObject\",\"inLanguage\":\"en-US\",\"@id\":\"https:\\\/\\\/aliancasocial.org\\\/jovens-protagonistas-transformando-o-bairro-cidadania-ativa-no-cca-pe-pio\\\/#primaryimage\",\"url\":\"https:\\\/\\\/aliancasocial.org\\\/wp-content\\\/uploads\\\/2022\\\/07\\\/PADRE-PIO.jpg\",\"contentUrl\":\"https:\\\/\\\/aliancasocial.org\\\/wp-content\\\/uploads\\\/2022\\\/07\\\/PADRE-PIO.jpg\",\"width\":1235,\"height\":916},{\"@type\":\"BreadcrumbList\",\"@id\":\"https:\\\/\\\/aliancasocial.org\\\/jovens-protagonistas-transformando-o-bairro-cidadania-ativa-no-cca-pe-pio\\\/#breadcrumb\",\"itemListElement\":[{\"@type\":\"ListItem\",\"position\":1,\"name\":\"In\u00edcio\",\"item\":\"https:\\\/\\\/aliancasocial.org\\\/en\\\/\"},{\"@type\":\"ListItem\",\"position\":2,\"name\":\"Jovens Protagonistas Transformando o Bairro: Cidadania Ativa no CCA Pe. Pio\"}]},{\"@type\":\"WebSite\",\"@id\":\"https:\\\/\\\/aliancasocial.org\\\/#website\",\"url\":\"https:\\\/\\\/aliancasocial.org\\\/\",\"name\":\"Alian\u00e7a de Miseric\u00f3rdia\",\"description\":\"Levando dignidade humana a todos os cantos do mundo\",\"publisher\":{\"@id\":\"https:\\\/\\\/aliancasocial.org\\\/#organization\"},\"potentialAction\":[{\"@type\":\"SearchAction\",\"target\":{\"@type\":\"EntryPoint\",\"urlTemplate\":\"https:\\\/\\\/aliancasocial.org\\\/?s={search_term_string}\"},\"query-input\":{\"@type\":\"PropertyValueSpecification\",\"valueRequired\":true,\"valueName\":\"search_term_string\"}}],\"inLanguage\":\"en-US\"},{\"@type\":\"Organization\",\"@id\":\"https:\\\/\\\/aliancasocial.org\\\/#organization\",\"name\":\"Alian\u00e7a de Miseric\u00f3rdia\",\"url\":\"https:\\\/\\\/aliancasocial.org\\\/\",\"logo\":{\"@type\":\"ImageObject\",\"inLanguage\":\"en-US\",\"@id\":\"https:\\\/\\\/aliancasocial.org\\\/#\\\/schema\\\/logo\\\/image\\\/\",\"url\":\"https:\\\/\\\/aliancasocial.org\\\/wp-content\\\/uploads\\\/2022\\\/07\\\/logo-alianca-marrom.svg\",\"contentUrl\":\"https:\\\/\\\/aliancasocial.org\\\/wp-content\\\/uploads\\\/2022\\\/07\\\/logo-alianca-marrom.svg\",\"width\":91,\"height\":33,\"caption\":\"Alian\u00e7a de Miseric\u00f3rdia\"},\"image\":{\"@id\":\"https:\\\/\\\/aliancasocial.org\\\/#\\\/schema\\\/logo\\\/image\\\/\"},\"sameAs\":[\"https:\\\/\\\/www.facebook.com\\\/iesmisericordia\\\/\",\"https:\\\/\\\/www.instagram.com\\\/aliancademisericordia\\\/\"]},{\"@type\":\"Person\",\"@id\":\"https:\\\/\\\/aliancasocial.org\\\/#\\\/schema\\\/person\\\/739c9b9d797c0c7843add996a50b9c9b\",\"name\":\"Fernanda Monzambani\",\"image\":{\"@type\":\"ImageObject\",\"inLanguage\":\"en-US\",\"@id\":\"https:\\\/\\\/secure.gravatar.com\\\/avatar\\\/aa6d89063e21cd9638051b6cd0602c108d4b79b0898534c712d68409f7e5b64c?s=96&d=mm&r=g\",\"url\":\"https:\\\/\\\/secure.gravatar.com\\\/avatar\\\/aa6d89063e21cd9638051b6cd0602c108d4b79b0898534c712d68409f7e5b64c?s=96&d=mm&r=g\",\"contentUrl\":\"https:\\\/\\\/secure.gravatar.com\\\/avatar\\\/aa6d89063e21cd9638051b6cd0602c108d4b79b0898534c712d68409f7e5b64c?s=96&d=mm&r=g\",\"caption\":\"Fernanda Monzambani\"},\"url\":\"https:\\\/\\\/aliancasocial.org\\\/en\\\/author\\\/fernanda\\\/\"}]}<\/script>\n<!-- \/ Yoast SEO plugin. -->","yoast_head_json":{"title":"Jovens Protagonistas Transformando o Bairro: Cidadania Ativa no CCA Pe. Pio - Alian\u00e7a de Miseric\u00f3rdia","robots":{"index":"index","follow":"follow","max-snippet":"max-snippet:-1","max-image-preview":"max-image-preview:large","max-video-preview":"max-video-preview:-1"},"canonical":"https:\/\/aliancasocial.org\/en\/jovens-protagonistas-transformando-o-bairro-cidadania-ativa-no-cca-pe-pio\/","og_locale":"en_US","og_type":"article","og_title":"Jovens Protagonistas Transformando o Bairro: Cidadania Ativa no CCA Pe. Pio - Alian\u00e7a de Miseric\u00f3rdia","og_description":"A transforma\u00e7\u00e3o do mundo come\u00e7a mais perto do que imaginamos \u2014 come\u00e7a no bairro, nas ruas onde vivemos e nas realidades que conhecemos de perto. Foi com esse olhar atento e cheio de esperan\u00e7a que os adolescentes do CCA Pe. Pio protagonizaram um momento marcante de cidadania ativa. Em uma visita \u00e0 Subprefeitura de Pirituba\/Jaragu\u00e1, [&hellip;]","og_url":"https:\/\/aliancasocial.org\/en\/jovens-protagonistas-transformando-o-bairro-cidadania-ativa-no-cca-pe-pio\/","og_site_name":"Alian\u00e7a de Miseric\u00f3rdia","article_publisher":"https:\/\/www.facebook.com\/iesmisericordia\/","article_published_time":"2026-09-01T16:25:23+00:00","og_image":[{"width":1235,"height":916,"url":"https:\/\/aliancasocial.org\/wp-content\/uploads\/2022\/07\/PADRE-PIO.jpg","type":"image\/jpeg"}],"author":"Fernanda Monzambani","twitter_card":"summary_large_image","twitter_misc":{"Written by":"Fernanda Monzambani","Est. reading time":"3 minutes"},"schema":{"@context":"https:\/\/schema.org","@graph":[{"@type":"Article","@id":"https:\/\/aliancasocial.org\/jovens-protagonistas-transformando-o-bairro-cidadania-ativa-no-cca-pe-pio\/#article","isPartOf":{"@id":"https:\/\/aliancasocial.org\/jovens-protagonistas-transformando-o-bairro-cidadania-ativa-no-cca-pe-pio\/"},"author":{"name":"Fernanda Monzambani","@id":"https:\/\/aliancasocial.org\/#\/schema\/person\/739c9b9d797c0c7843add996a50b9c9b"},"headline":"Jovens Protagonistas Transformando o Bairro: Cidadania Ativa no CCA Pe. Pio","datePublished":"2026-09-01T16:25:23+00:00","mainEntityOfPage":{"@id":"https:\/\/aliancasocial.org\/jovens-protagonistas-transformando-o-bairro-cidadania-ativa-no-cca-pe-pio\/"},"wordCount":424,"publisher":{"@id":"https:\/\/aliancasocial.org\/#organization"},"image":{"@id":"https:\/\/aliancasocial.org\/jovens-protagonistas-transformando-o-bairro-cidadania-ativa-no-cca-pe-pio\/#primaryimage"},"thumbnailUrl":"https:\/\/aliancasocial.org\/wp-content\/uploads\/2022\/07\/PADRE-PIO.jpg","articleSection":["Sem Categoria"],"inLanguage":"en-US"},{"@type":"WebPage","@id":"https:\/\/aliancasocial.org\/jovens-protagonistas-transformando-o-bairro-cidadania-ativa-no-cca-pe-pio\/","url":"https:\/\/aliancasocial.org\/jovens-protagonistas-transformando-o-bairro-cidadania-ativa-no-cca-pe-pio\/","name":"Jovens Protagonistas Transformando o Bairro: Cidadania Ativa no CCA Pe. Pio - Alian\u00e7a de Miseric\u00f3rdia","isPartOf":{"@id":"https:\/\/aliancasocial.org\/#website"},"primaryImageOfPage":{"@id":"https:\/\/aliancasocial.org\/jovens-protagonistas-transformando-o-bairro-cidadania-ativa-no-cca-pe-pio\/#primaryimage"},"image":{"@id":"https:\/\/aliancasocial.org\/jovens-protagonistas-transformando-o-bairro-cidadania-ativa-no-cca-pe-pio\/#primaryimage"},"thumbnailUrl":"https:\/\/aliancasocial.org\/wp-content\/uploads\/2022\/07\/PADRE-PIO.jpg","datePublished":"2026-09-01T16:25:23+00:00","breadcrumb":{"@id":"https:\/\/aliancasocial.org\/jovens-protagonistas-transformando-o-bairro-cidadania-ativa-no-cca-pe-pio\/#breadcrumb"},"inLanguage":"en-US","potentialAction":[{"@type":"ReadAction","target":["https:\/\/aliancasocial.org\/jovens-protagonistas-transformando-o-bairro-cidadania-ativa-no-cca-pe-pio\/"]}]},{"@type":"ImageObject","inLanguage":"en-US","@id":"https:\/\/aliancasocial.org\/jovens-protagonistas-transformando-o-bairro-cidadania-ativa-no-cca-pe-pio\/#primaryimage","url":"https:\/\/aliancasocial.org\/wp-content\/uploads\/2022\/07\/PADRE-PIO.jpg","contentUrl":"https:\/\/aliancasocial.org\/wp-content\/uploads\/2022\/07\/PADRE-PIO.jpg","width":1235,"height":916},{"@type":"BreadcrumbList","@id":"https:\/\/aliancasocial.org\/jovens-protagonistas-transformando-o-bairro-cidadania-ativa-no-cca-pe-pio\/#breadcrumb","itemListElement":[{"@type":"ListItem","position":1,"name":"In\u00edcio","item":"https:\/\/aliancasocial.org\/en\/"},{"@type":"ListItem","position":2,"name":"Jovens Protagonistas Transformando o Bairro: Cidadania Ativa no CCA Pe. Pio"}]},{"@type":"WebSite","@id":"https:\/\/aliancasocial.org\/#website","url":"https:\/\/aliancasocial.org\/","name":"Covenant of Mercy","description":"Bringing human dignity to every corner of the world","publisher":{"@id":"https:\/\/aliancasocial.org\/#organization"},"potentialAction":[{"@type":"SearchAction","target":{"@type":"EntryPoint","urlTemplate":"https:\/\/aliancasocial.org\/?s={search_term_string}"},"query-input":{"@type":"PropertyValueSpecification","valueRequired":true,"valueName":"search_term_string"}}],"inLanguage":"en-US"},{"@type":"Organization","@id":"https:\/\/aliancasocial.org\/#organization","name":"Covenant of Mercy","url":"https:\/\/aliancasocial.org\/","logo":{"@type":"ImageObject","inLanguage":"en-US","@id":"https:\/\/aliancasocial.org\/#\/schema\/logo\/image\/","url":"https:\/\/aliancasocial.org\/wp-content\/uploads\/2022\/07\/logo-alianca-marrom.svg","contentUrl":"https:\/\/aliancasocial.org\/wp-content\/uploads\/2022\/07\/logo-alianca-marrom.svg","width":91,"height":33,"caption":"Alian\u00e7a de Miseric\u00f3rdia"},"image":{"@id":"https:\/\/aliancasocial.org\/#\/schema\/logo\/image\/"},"sameAs":["https:\/\/www.facebook.com\/iesmisericordia\/","https:\/\/www.instagram.com\/aliancademisericordia\/"]},{"@type":"Person","@id":"https:\/\/aliancasocial.org\/#\/schema\/person\/739c9b9d797c0c7843add996a50b9c9b","name":"Fernanda Monzambani","image":{"@type":"ImageObject","inLanguage":"en-US","@id":"https:\/\/secure.gravatar.com\/avatar\/aa6d89063e21cd9638051b6cd0602c108d4b79b0898534c712d68409f7e5b64c?s=96&d=mm&r=g","url":"https:\/\/secure.gravatar.com\/avatar\/aa6d89063e21cd9638051b6cd0602c108d4b79b0898534c712d68409f7e5b64c?s=96&d=mm&r=g","contentUrl":"https:\/\/secure.gravatar.com\/avatar\/aa6d89063e21cd9638051b6cd0602c108d4b79b0898534c712d68409f7e5b64c?s=96&d=mm&r=g","caption":"Fernanda Monzambani"},"url":"https:\/\/aliancasocial.org\/en\/author\/fernanda\/"}]}},"_links":{"self":[{"href":"https:\/\/aliancasocial.org\/en\/wp-json\/wp\/v2\/posts\/11995","targetHints":{"allow":["GET"]}}],"collection":[{"href":"https:\/\/aliancasocial.org\/en\/wp-json\/wp\/v2\/posts"}],"about":[{"href":"https:\/\/aliancasocial.org\/en\/wp-json\/wp\/v2\/types\/post"}],"author":[{"embeddable":true,"href":"https:\/\/aliancasocial.org\/en\/wp-json\/wp\/v2\/users\/8"}],"replies":[{"embeddable":true,"href":"https:\/\/aliancasocial.org\/en\/wp-json\/wp\/v2\/comments?post=11995"}],"version-history":[{"count":1,"href":"https:\/\/aliancasocial.org\/en\/wp-json\/wp\/v2\/posts\/11995\/revisions"}],"predecessor-version":[{"id":11996,"href":"https:\/\/aliancasocial.org\/en\/wp-json\/wp\/v2\/posts\/11995\/revisions\/11996"}],"wp:featuredmedia":[{"embeddable":true,"href":"https:\/\/aliancasocial.org\/en\/wp-json\/wp\/v2\/media\/3581"}],"wp:attachment":[{"href":"https:\/\/aliancasocial.org\/en\/wp-json\/wp\/v2\/media?parent=11995"}],"wp:term":[{"taxonomy":"category","embeddable":true,"href":"https:\/\/aliancasocial.org\/en\/wp-json\/wp\/v2\/categories?post=11995"},{"taxonomy":"post_tag","embeddable":true,"href":"https:\/\/aliancasocial.org\/en\/wp-json\/wp\/v2\/tags?post=11995"},{"taxonomy":"destaques","embeddable":true,"href":"https:\/\/aliancasocial.org\/en\/wp-json\/wp\/v2\/destaques?post=11995"}],"curies":[{"name":"wp","href":"https:\/\/api.w.org\/{rel}","templated":true}]}}