{"id":9546,"date":"2022-08-24T12:14:29","date_gmt":"2022-08-24T15:14:29","guid":{"rendered":"https:\/\/aliancasocial.org\/?p=9546"},"modified":"2024-04-11T11:04:35","modified_gmt":"2024-04-11T14:04:35","slug":"na-alianca-a-doacao-da-nota-fiscal-paulista-ajuda-a-transformar-vidas","status":"publish","type":"post","link":"https:\/\/aliancasocial.org\/en\/na-alianca-a-doacao-da-nota-fiscal-paulista-ajuda-a-transformar-vidas\/","title":{"rendered":"At Alian\u00e7a, the donation of the S\u00e3o Paulo Invoice helps transform lives"},"content":{"rendered":"<p>Since 2011, Alian\u00e7a has been working with the Nota Fiscal Paulista Program as one of the forms of collection.<\/p>\n\n\n\n<p>With the changes that occurred in the Program in 2017, which allow most of the collection for Social Institutions, this work was intensified through the registration of automatic donations.<\/p>\n\n\n\n<p>In the year 2021, it was more than <strong>1 million<\/strong> of reais raised, translated into various services to people in vulnerable situations in Brazil, <strong>transforming lives<\/strong>.<\/p>\n\n\n\n<p>With all the potential and simplicity of this form of donation, the program&#039;s publicity campaign takes place throughout the year. In a special way, in the month of July 2022, we carried out the campaign <strong>\u201cI say Yes to Life, through my donation of Tax Coupons\u201d<\/strong>, thus increasing awareness, knowledge of the Program, the number of donors and coupons collected!<\/p>\n\n\n\n<p>We want this form of help to be known by more people. If it&#039;s already reached you, help us reach your family and friends too.<\/p>\n\n\n\n<p>After all, now you know: <strong>instead of throwing away tax receipts, you can donate them, and with this small gesture help someone in need<\/strong>.<\/p>\n\n\n\n<p>Helping to transform lives is now easier: just register automatically in the Nota Fiscal Paulista Program.<\/p>\n\n\n\n<p><a href=\"https:\/\/bit.ly\/minhanotatransformavidas\"><strong>Click here!<\/strong><\/a><strong><\/strong><\/p>\n\n\n\n<p><strong>With just one click you can help those most in need, in addition to obtaining more information about the Nota Fiscal Paulista program.&nbsp;<\/strong><\/p>\n\n\n\n<p>Be a donor and an agent of social transformation! <a href=\"https:\/\/bit.ly\/minhanotatransformavidas\">We help you to register. Talk to us by clicking here!<\/a><\/p>\n\n\n\n<figure class=\"wp-block-embed is-type-video is-provider-youtube wp-block-embed-youtube wp-embed-aspect-16-9 wp-has-aspect-ratio\"><div class=\"wp-block-embed__wrapper\">\n<iframe title=\"Your Invoice Saves Lives | Say: YES, I WANT CPF IN THE NOTE!\" width=\"800\" height=\"450\" src=\"https:\/\/www.youtube.com\/embed\/NjHRdBHR9GU?feature=oembed\" frameborder=\"0\" allow=\"accelerometer; autoplay; clipboard-write; encrypted-media; gyroscope; picture-in-picture\" allowfullscreen><\/iframe>\n<\/div><\/figure>","protected":false},"excerpt":{"rendered":"<p>Desde o ano de 2011 a Alian\u00e7a trabalha com o Programa Nota Fiscal Paulista como uma das formas de arrecada\u00e7\u00e3o. Com as mudan\u00e7as ocorridas no Programa em 2017, que permitem a maior parte da arrecada\u00e7\u00e3o para as Institui\u00e7\u00f5es Sociais, intensificou-se este trabalho por meio do cadastro de doares autom\u00e1ticos. No ano de 2021, foi mais [&hellip;]<\/p>\n","protected":false},"author":3,"featured_media":9810,"comment_status":"closed","ping_status":"closed","sticky":false,"template":"","format":"standard","meta":{"footnotes":""},"categories":[49],"tags":[],"destaques":[],"class_list":["post-9546","post","type-post","status-publish","format-standard","has-post-thumbnail","hentry","category-campanhas"],"yoast_head":"<!-- This site is optimized with the Yoast SEO plugin v27.5 - https:\/\/yoast.com\/product\/yoast-seo-wordpress\/ -->\n<title>Na Alian\u00e7a, a doa\u00e7\u00e3o da Nota Fiscal Paulista ajuda a transformar vidas - Alian\u00e7a de Miseric\u00f3rdia<\/title>\n<meta name=\"description\" content=\"Desde o ano de 2011 a Alian\u00e7a trabalha com o Programa Nota Fiscal Paulista como uma das formas de arrecada\u00e7\u00e3o. Com as mudan\u00e7as ocorridas no Programa em\" \/>\n<meta name=\"robots\" content=\"index, follow, max-snippet:-1, max-image-preview:large, max-video-preview:-1\" \/>\n<link rel=\"canonical\" href=\"https:\/\/aliancasocial.org\/en\/na-alianca-a-doacao-da-nota-fiscal-paulista-ajuda-a-transformar-vidas\/\" \/>\n<meta property=\"og:locale\" content=\"en_US\" \/>\n<meta property=\"og:type\" content=\"article\" \/>\n<meta property=\"og:title\" content=\"Na Alian\u00e7a, a doa\u00e7\u00e3o da Nota Fiscal Paulista ajuda a transformar vidas - Alian\u00e7a de Miseric\u00f3rdia\" \/>\n<meta property=\"og:description\" content=\"Desde o ano de 2011 a Alian\u00e7a trabalha com o Programa Nota Fiscal Paulista como uma das formas de arrecada\u00e7\u00e3o. Com as mudan\u00e7as ocorridas no Programa em\" \/>\n<meta property=\"og:url\" content=\"https:\/\/aliancasocial.org\/en\/na-alianca-a-doacao-da-nota-fiscal-paulista-ajuda-a-transformar-vidas\/\" \/>\n<meta property=\"og:site_name\" content=\"Alian\u00e7a de Miseric\u00f3rdia\" \/>\n<meta property=\"article:publisher\" content=\"https:\/\/www.facebook.com\/iesmisericordia\/\" \/>\n<meta property=\"article:published_time\" content=\"2022-08-24T15:14:29+00:00\" \/>\n<meta property=\"article:modified_time\" content=\"2024-04-11T14:04:35+00:00\" \/>\n<meta property=\"og:image\" content=\"https:\/\/aliancasocial.org\/wp-content\/uploads\/2022\/08\/Moinho_-William-de-Oliveira-9-1-scaled.jpg\" \/>\n\t<meta property=\"og:image:width\" content=\"2560\" \/>\n\t<meta property=\"og:image:height\" content=\"1696\" \/>\n\t<meta property=\"og:image:type\" content=\"image\/jpeg\" \/>\n<meta name=\"author\" content=\"Thyago Fran\u00e7a\" \/>\n<meta name=\"twitter:card\" content=\"summary_large_image\" \/>\n<meta name=\"twitter:creator\" content=\"@thyago.f@aliancasocial.org\" \/>\n<meta name=\"twitter:label1\" content=\"Written by\" \/>\n\t<meta name=\"twitter:data1\" content=\"Thyago Fran\u00e7a\" \/>\n\t<meta name=\"twitter:label2\" content=\"Est. reading time\" \/>\n\t<meta name=\"twitter:data2\" content=\"2 minutes\" \/>\n<script type=\"application\/ld+json\" class=\"yoast-schema-graph\">{\"@context\":\"https:\\\/\\\/schema.org\",\"@graph\":[{\"@type\":\"Article\",\"@id\":\"https:\\\/\\\/aliancasocial.org\\\/na-alianca-a-doacao-da-nota-fiscal-paulista-ajuda-a-transformar-vidas\\\/#article\",\"isPartOf\":{\"@id\":\"https:\\\/\\\/aliancasocial.org\\\/na-alianca-a-doacao-da-nota-fiscal-paulista-ajuda-a-transformar-vidas\\\/\"},\"author\":{\"name\":\"Thyago Fran\u00e7a\",\"@id\":\"https:\\\/\\\/aliancasocial.org\\\/#\\\/schema\\\/person\\\/8f8ae145580ca7206a1f21a56814959a\"},\"headline\":\"Na Alian\u00e7a, a doa\u00e7\u00e3o da Nota Fiscal Paulista ajuda a transformar vidas\",\"datePublished\":\"2022-08-24T15:14:29+00:00\",\"dateModified\":\"2024-04-11T14:04:35+00:00\",\"mainEntityOfPage\":{\"@id\":\"https:\\\/\\\/aliancasocial.org\\\/na-alianca-a-doacao-da-nota-fiscal-paulista-ajuda-a-transformar-vidas\\\/\"},\"wordCount\":295,\"publisher\":{\"@id\":\"https:\\\/\\\/aliancasocial.org\\\/#organization\"},\"image\":{\"@id\":\"https:\\\/\\\/aliancasocial.org\\\/na-alianca-a-doacao-da-nota-fiscal-paulista-ajuda-a-transformar-vidas\\\/#primaryimage\"},\"thumbnailUrl\":\"https:\\\/\\\/aliancasocial.org\\\/wp-content\\\/uploads\\\/2022\\\/08\\\/Moinho_-William-de-Oliveira-9-1-scaled.jpg\",\"articleSection\":[\"Campanhas\"],\"inLanguage\":\"en-US\"},{\"@type\":\"WebPage\",\"@id\":\"https:\\\/\\\/aliancasocial.org\\\/na-alianca-a-doacao-da-nota-fiscal-paulista-ajuda-a-transformar-vidas\\\/\",\"url\":\"https:\\\/\\\/aliancasocial.org\\\/na-alianca-a-doacao-da-nota-fiscal-paulista-ajuda-a-transformar-vidas\\\/\",\"name\":\"Na Alian\u00e7a, a doa\u00e7\u00e3o da Nota Fiscal Paulista ajuda a transformar vidas - Alian\u00e7a de Miseric\u00f3rdia\",\"isPartOf\":{\"@id\":\"https:\\\/\\\/aliancasocial.org\\\/#website\"},\"primaryImageOfPage\":{\"@id\":\"https:\\\/\\\/aliancasocial.org\\\/na-alianca-a-doacao-da-nota-fiscal-paulista-ajuda-a-transformar-vidas\\\/#primaryimage\"},\"image\":{\"@id\":\"https:\\\/\\\/aliancasocial.org\\\/na-alianca-a-doacao-da-nota-fiscal-paulista-ajuda-a-transformar-vidas\\\/#primaryimage\"},\"thumbnailUrl\":\"https:\\\/\\\/aliancasocial.org\\\/wp-content\\\/uploads\\\/2022\\\/08\\\/Moinho_-William-de-Oliveira-9-1-scaled.jpg\",\"datePublished\":\"2022-08-24T15:14:29+00:00\",\"dateModified\":\"2024-04-11T14:04:35+00:00\",\"description\":\"Desde o ano de 2011 a Alian\u00e7a trabalha com o Programa Nota Fiscal Paulista como uma das formas de arrecada\u00e7\u00e3o. Com as mudan\u00e7as ocorridas no Programa em\",\"breadcrumb\":{\"@id\":\"https:\\\/\\\/aliancasocial.org\\\/na-alianca-a-doacao-da-nota-fiscal-paulista-ajuda-a-transformar-vidas\\\/#breadcrumb\"},\"inLanguage\":\"en-US\",\"potentialAction\":[{\"@type\":\"ReadAction\",\"target\":[\"https:\\\/\\\/aliancasocial.org\\\/na-alianca-a-doacao-da-nota-fiscal-paulista-ajuda-a-transformar-vidas\\\/\"]}]},{\"@type\":\"ImageObject\",\"inLanguage\":\"en-US\",\"@id\":\"https:\\\/\\\/aliancasocial.org\\\/na-alianca-a-doacao-da-nota-fiscal-paulista-ajuda-a-transformar-vidas\\\/#primaryimage\",\"url\":\"https:\\\/\\\/aliancasocial.org\\\/wp-content\\\/uploads\\\/2022\\\/08\\\/Moinho_-William-de-Oliveira-9-1-scaled.jpg\",\"contentUrl\":\"https:\\\/\\\/aliancasocial.org\\\/wp-content\\\/uploads\\\/2022\\\/08\\\/Moinho_-William-de-Oliveira-9-1-scaled.jpg\",\"width\":2560,\"height\":1696},{\"@type\":\"BreadcrumbList\",\"@id\":\"https:\\\/\\\/aliancasocial.org\\\/na-alianca-a-doacao-da-nota-fiscal-paulista-ajuda-a-transformar-vidas\\\/#breadcrumb\",\"itemListElement\":[{\"@type\":\"ListItem\",\"position\":1,\"name\":\"In\u00edcio\",\"item\":\"https:\\\/\\\/aliancasocial.org\\\/en\\\/\"},{\"@type\":\"ListItem\",\"position\":2,\"name\":\"Na Alian\u00e7a, a doa\u00e7\u00e3o da Nota Fiscal Paulista ajuda a transformar vidas\"}]},{\"@type\":\"WebSite\",\"@id\":\"https:\\\/\\\/aliancasocial.org\\\/#website\",\"url\":\"https:\\\/\\\/aliancasocial.org\\\/\",\"name\":\"Alian\u00e7a de Miseric\u00f3rdia\",\"description\":\"Levando dignidade humana a todos os cantos do mundo\",\"publisher\":{\"@id\":\"https:\\\/\\\/aliancasocial.org\\\/#organization\"},\"potentialAction\":[{\"@type\":\"SearchAction\",\"target\":{\"@type\":\"EntryPoint\",\"urlTemplate\":\"https:\\\/\\\/aliancasocial.org\\\/?s={search_term_string}\"},\"query-input\":{\"@type\":\"PropertyValueSpecification\",\"valueRequired\":true,\"valueName\":\"search_term_string\"}}],\"inLanguage\":\"en-US\"},{\"@type\":\"Organization\",\"@id\":\"https:\\\/\\\/aliancasocial.org\\\/#organization\",\"name\":\"Alian\u00e7a de Miseric\u00f3rdia\",\"url\":\"https:\\\/\\\/aliancasocial.org\\\/\",\"logo\":{\"@type\":\"ImageObject\",\"inLanguage\":\"en-US\",\"@id\":\"https:\\\/\\\/aliancasocial.org\\\/#\\\/schema\\\/logo\\\/image\\\/\",\"url\":\"https:\\\/\\\/aliancasocial.org\\\/wp-content\\\/uploads\\\/2022\\\/07\\\/logo-alianca-marrom.svg\",\"contentUrl\":\"https:\\\/\\\/aliancasocial.org\\\/wp-content\\\/uploads\\\/2022\\\/07\\\/logo-alianca-marrom.svg\",\"width\":91,\"height\":33,\"caption\":\"Alian\u00e7a de Miseric\u00f3rdia\"},\"image\":{\"@id\":\"https:\\\/\\\/aliancasocial.org\\\/#\\\/schema\\\/logo\\\/image\\\/\"},\"sameAs\":[\"https:\\\/\\\/www.facebook.com\\\/iesmisericordia\\\/\",\"https:\\\/\\\/www.instagram.com\\\/aliancademisericordia\\\/\"]},{\"@type\":\"Person\",\"@id\":\"https:\\\/\\\/aliancasocial.org\\\/#\\\/schema\\\/person\\\/8f8ae145580ca7206a1f21a56814959a\",\"name\":\"Thyago Fran\u00e7a\",\"image\":{\"@type\":\"ImageObject\",\"inLanguage\":\"en-US\",\"@id\":\"https:\\\/\\\/secure.gravatar.com\\\/avatar\\\/4ad8f8c064c4e384fbf837e889f8f835f33194d182958150114e034bfa236622?s=96&d=mm&r=g\",\"url\":\"https:\\\/\\\/secure.gravatar.com\\\/avatar\\\/4ad8f8c064c4e384fbf837e889f8f835f33194d182958150114e034bfa236622?s=96&d=mm&r=g\",\"contentUrl\":\"https:\\\/\\\/secure.gravatar.com\\\/avatar\\\/4ad8f8c064c4e384fbf837e889f8f835f33194d182958150114e034bfa236622?s=96&d=mm&r=g\",\"caption\":\"Thyago Fran\u00e7a\"},\"sameAs\":[\"https:\\\/\\\/x.com\\\/thyago.f@aliancasocial.org\"],\"url\":\"https:\\\/\\\/aliancasocial.org\\\/en\\\/author\\\/thyagoalianca\\\/\"}]}<\/script>\n<!-- \/ Yoast SEO plugin. -->","yoast_head_json":{"title":"At Alian\u00e7a, donations from the Nota Fiscal Paulista program help transform lives - Alliance of Mercy","description":"Since 2011, Alian\u00e7a has been working with the Nota Fiscal Paulista Program as one of its revenue collection methods. With the changes that have occurred in the Program in","robots":{"index":"index","follow":"follow","max-snippet":"max-snippet:-1","max-image-preview":"max-image-preview:large","max-video-preview":"max-video-preview:-1"},"canonical":"https:\/\/aliancasocial.org\/en\/na-alianca-a-doacao-da-nota-fiscal-paulista-ajuda-a-transformar-vidas\/","og_locale":"en_US","og_type":"article","og_title":"Na Alian\u00e7a, a doa\u00e7\u00e3o da Nota Fiscal Paulista ajuda a transformar vidas - Alian\u00e7a de Miseric\u00f3rdia","og_description":"Desde o ano de 2011 a Alian\u00e7a trabalha com o Programa Nota Fiscal Paulista como uma das formas de arrecada\u00e7\u00e3o. Com as mudan\u00e7as ocorridas no Programa em","og_url":"https:\/\/aliancasocial.org\/en\/na-alianca-a-doacao-da-nota-fiscal-paulista-ajuda-a-transformar-vidas\/","og_site_name":"Alian\u00e7a de Miseric\u00f3rdia","article_publisher":"https:\/\/www.facebook.com\/iesmisericordia\/","article_published_time":"2022-08-24T15:14:29+00:00","article_modified_time":"2024-04-11T14:04:35+00:00","og_image":[{"width":2560,"height":1696,"url":"https:\/\/aliancasocial.org\/wp-content\/uploads\/2022\/08\/Moinho_-William-de-Oliveira-9-1-scaled.jpg","type":"image\/jpeg"}],"author":"Thyago Fran\u00e7a","twitter_card":"summary_large_image","twitter_creator":"@thyago.f@aliancasocial.org","twitter_misc":{"Written by":"Thyago Fran\u00e7a","Est. reading time":"2 minutes"},"schema":{"@context":"https:\/\/schema.org","@graph":[{"@type":"Article","@id":"https:\/\/aliancasocial.org\/na-alianca-a-doacao-da-nota-fiscal-paulista-ajuda-a-transformar-vidas\/#article","isPartOf":{"@id":"https:\/\/aliancasocial.org\/na-alianca-a-doacao-da-nota-fiscal-paulista-ajuda-a-transformar-vidas\/"},"author":{"name":"Thyago Fran\u00e7a","@id":"https:\/\/aliancasocial.org\/#\/schema\/person\/8f8ae145580ca7206a1f21a56814959a"},"headline":"Na Alian\u00e7a, a doa\u00e7\u00e3o da Nota Fiscal Paulista ajuda a transformar vidas","datePublished":"2022-08-24T15:14:29+00:00","dateModified":"2024-04-11T14:04:35+00:00","mainEntityOfPage":{"@id":"https:\/\/aliancasocial.org\/na-alianca-a-doacao-da-nota-fiscal-paulista-ajuda-a-transformar-vidas\/"},"wordCount":295,"publisher":{"@id":"https:\/\/aliancasocial.org\/#organization"},"image":{"@id":"https:\/\/aliancasocial.org\/na-alianca-a-doacao-da-nota-fiscal-paulista-ajuda-a-transformar-vidas\/#primaryimage"},"thumbnailUrl":"https:\/\/aliancasocial.org\/wp-content\/uploads\/2022\/08\/Moinho_-William-de-Oliveira-9-1-scaled.jpg","articleSection":["Campanhas"],"inLanguage":"en-US"},{"@type":"WebPage","@id":"https:\/\/aliancasocial.org\/na-alianca-a-doacao-da-nota-fiscal-paulista-ajuda-a-transformar-vidas\/","url":"https:\/\/aliancasocial.org\/na-alianca-a-doacao-da-nota-fiscal-paulista-ajuda-a-transformar-vidas\/","name":"At Alian\u00e7a, donations from the Nota Fiscal Paulista program help transform lives - Alliance of Mercy","isPartOf":{"@id":"https:\/\/aliancasocial.org\/#website"},"primaryImageOfPage":{"@id":"https:\/\/aliancasocial.org\/na-alianca-a-doacao-da-nota-fiscal-paulista-ajuda-a-transformar-vidas\/#primaryimage"},"image":{"@id":"https:\/\/aliancasocial.org\/na-alianca-a-doacao-da-nota-fiscal-paulista-ajuda-a-transformar-vidas\/#primaryimage"},"thumbnailUrl":"https:\/\/aliancasocial.org\/wp-content\/uploads\/2022\/08\/Moinho_-William-de-Oliveira-9-1-scaled.jpg","datePublished":"2022-08-24T15:14:29+00:00","dateModified":"2024-04-11T14:04:35+00:00","description":"Since 2011, Alian\u00e7a has been working with the Nota Fiscal Paulista Program as one of its revenue collection methods. With the changes that have occurred in the Program in","breadcrumb":{"@id":"https:\/\/aliancasocial.org\/na-alianca-a-doacao-da-nota-fiscal-paulista-ajuda-a-transformar-vidas\/#breadcrumb"},"inLanguage":"en-US","potentialAction":[{"@type":"ReadAction","target":["https:\/\/aliancasocial.org\/na-alianca-a-doacao-da-nota-fiscal-paulista-ajuda-a-transformar-vidas\/"]}]},{"@type":"ImageObject","inLanguage":"en-US","@id":"https:\/\/aliancasocial.org\/na-alianca-a-doacao-da-nota-fiscal-paulista-ajuda-a-transformar-vidas\/#primaryimage","url":"https:\/\/aliancasocial.org\/wp-content\/uploads\/2022\/08\/Moinho_-William-de-Oliveira-9-1-scaled.jpg","contentUrl":"https:\/\/aliancasocial.org\/wp-content\/uploads\/2022\/08\/Moinho_-William-de-Oliveira-9-1-scaled.jpg","width":2560,"height":1696},{"@type":"BreadcrumbList","@id":"https:\/\/aliancasocial.org\/na-alianca-a-doacao-da-nota-fiscal-paulista-ajuda-a-transformar-vidas\/#breadcrumb","itemListElement":[{"@type":"ListItem","position":1,"name":"In\u00edcio","item":"https:\/\/aliancasocial.org\/en\/"},{"@type":"ListItem","position":2,"name":"Na Alian\u00e7a, a doa\u00e7\u00e3o da Nota Fiscal Paulista ajuda a transformar vidas"}]},{"@type":"WebSite","@id":"https:\/\/aliancasocial.org\/#website","url":"https:\/\/aliancasocial.org\/","name":"Covenant of Mercy","description":"Bringing human dignity to every corner of the world","publisher":{"@id":"https:\/\/aliancasocial.org\/#organization"},"potentialAction":[{"@type":"SearchAction","target":{"@type":"EntryPoint","urlTemplate":"https:\/\/aliancasocial.org\/?s={search_term_string}"},"query-input":{"@type":"PropertyValueSpecification","valueRequired":true,"valueName":"search_term_string"}}],"inLanguage":"en-US"},{"@type":"Organization","@id":"https:\/\/aliancasocial.org\/#organization","name":"Covenant of Mercy","url":"https:\/\/aliancasocial.org\/","logo":{"@type":"ImageObject","inLanguage":"en-US","@id":"https:\/\/aliancasocial.org\/#\/schema\/logo\/image\/","url":"https:\/\/aliancasocial.org\/wp-content\/uploads\/2022\/07\/logo-alianca-marrom.svg","contentUrl":"https:\/\/aliancasocial.org\/wp-content\/uploads\/2022\/07\/logo-alianca-marrom.svg","width":91,"height":33,"caption":"Alian\u00e7a de Miseric\u00f3rdia"},"image":{"@id":"https:\/\/aliancasocial.org\/#\/schema\/logo\/image\/"},"sameAs":["https:\/\/www.facebook.com\/iesmisericordia\/","https:\/\/www.instagram.com\/aliancademisericordia\/"]},{"@type":"Person","@id":"https:\/\/aliancasocial.org\/#\/schema\/person\/8f8ae145580ca7206a1f21a56814959a","name":"Thyago France","image":{"@type":"ImageObject","inLanguage":"en-US","@id":"https:\/\/secure.gravatar.com\/avatar\/4ad8f8c064c4e384fbf837e889f8f835f33194d182958150114e034bfa236622?s=96&d=mm&r=g","url":"https:\/\/secure.gravatar.com\/avatar\/4ad8f8c064c4e384fbf837e889f8f835f33194d182958150114e034bfa236622?s=96&d=mm&r=g","contentUrl":"https:\/\/secure.gravatar.com\/avatar\/4ad8f8c064c4e384fbf837e889f8f835f33194d182958150114e034bfa236622?s=96&d=mm&r=g","caption":"Thyago Fran\u00e7a"},"sameAs":["https:\/\/x.com\/thyago.f@aliancasocial.org"],"url":"https:\/\/aliancasocial.org\/en\/author\/thyagoalianca\/"}]}},"_links":{"self":[{"href":"https:\/\/aliancasocial.org\/en\/wp-json\/wp\/v2\/posts\/9546","targetHints":{"allow":["GET"]}}],"collection":[{"href":"https:\/\/aliancasocial.org\/en\/wp-json\/wp\/v2\/posts"}],"about":[{"href":"https:\/\/aliancasocial.org\/en\/wp-json\/wp\/v2\/types\/post"}],"author":[{"embeddable":true,"href":"https:\/\/aliancasocial.org\/en\/wp-json\/wp\/v2\/users\/3"}],"replies":[{"embeddable":true,"href":"https:\/\/aliancasocial.org\/en\/wp-json\/wp\/v2\/comments?post=9546"}],"version-history":[{"count":0,"href":"https:\/\/aliancasocial.org\/en\/wp-json\/wp\/v2\/posts\/9546\/revisions"}],"wp:featuredmedia":[{"embeddable":true,"href":"https:\/\/aliancasocial.org\/en\/wp-json\/wp\/v2\/media\/9810"}],"wp:attachment":[{"href":"https:\/\/aliancasocial.org\/en\/wp-json\/wp\/v2\/media?parent=9546"}],"wp:term":[{"taxonomy":"category","embeddable":true,"href":"https:\/\/aliancasocial.org\/en\/wp-json\/wp\/v2\/categories?post=9546"},{"taxonomy":"post_tag","embeddable":true,"href":"https:\/\/aliancasocial.org\/en\/wp-json\/wp\/v2\/tags?post=9546"},{"taxonomy":"destaques","embeddable":true,"href":"https:\/\/aliancasocial.org\/en\/wp-json\/wp\/v2\/destaques?post=9546"}],"curies":[{"name":"wp","href":"https:\/\/api.w.org\/{rel}","templated":true}]}}