{"id":9551,"date":"2022-08-24T12:21:12","date_gmt":"2022-08-24T15:21:12","guid":{"rendered":"https:\/\/aliancasocial.org\/?p=9551"},"modified":"2024-04-11T11:04:21","modified_gmt":"2024-04-11T14:04:21","slug":"nosso-foco-e-a-educacao","status":"publish","type":"post","link":"https:\/\/aliancasocial.org\/en\/nosso-foco-e-a-educacao\/","title":{"rendered":"Our Focus is Education!"},"content":{"rendered":"<p><strong><u>Income Tax Campaign 2022<\/u><\/strong><\/p>\n\n\n\n<p>In the INCOME TAX donation campaign carried out in 2022, Alian\u00e7a de Miseric\u00f3rdia focuses on EDUCATION in early childhood, benefiting 100 children aged 0 to 5 at risk and socially vulnerable through the CEI S\u00c3O project MIGUEL, located in the Campos El\u00edseos neighborhood, in the city of S\u00e3o Paulo.<\/p>\n\n\n\n<p>By believing that education is the only means by which these and other children will be protected, ensured, and be able to have a full development as human beings, is that the CEI S\u00e3o Miguel project, started its work 9 years ago in the community of Moinho, center of S\u00e3o Paulo-SP.<\/p>\n\n\n\n<p>Meet Adriana, a student at CEI S\u00e3o Miguel<\/p>\n\n\n\n<p>Adriana, a cheerful, intelligent and very vain little girl, has been participating in the CEI S\u00e3o Miguel project since she was 4 months old. Her mother Renata accompanied the project during her pregnancy, and later too, since Adriana was not even two years old, when her mother started using drugs again, getting involved with drug dealers, prostituting herself, and clashing with the police. It was four long years of recovery before her mother returned. Today, this family is united, the mother works as a street vendor on 25 de Mar\u00e7o and takes care of her daughter with great love.<\/p>\n\n\n\n<p><em>\u201cAdriana is 6 years old, a young girl, she arrives happy and humming every day, participates in the proposals very carefully, is committed to her literacy process and demonstrates quick logical thinking. As we have been following her since she was 4 months old, we have been able to observe her pedagogical development.\u201d<\/em> Says Ana Paula, director of CEI S\u00e3o Miguel.<\/p>\n\n\n\n<p>&nbsp;Adriana has a preference for pretend play and likes to become a princess or a mother with the dolls. In his speech he has a wide vocabulary, uses the correct use of words and is aware of time (yesterday, today, tomorrow), his literacy process corresponds to his age group, he is at the pre-syllabic level where he already knows that to writing is required to use letters, not other symbols.<\/p>\n\n\n\n<p>Just like Adriana&#039;s story, over the 9 years of the project, CEI S\u00e3o Miguel has been able to change the future of many children and their families, through attention, professionalism, welcoming, but mainly through EDUCATION.<\/p>\n\n\n\n<p>Were you curious? Want to know more details about this project? <a href=\"https:\/\/aliancasocial.org\/en\/como-ajudar\/imposto-de-renda\/\" data-type=\"URL\" data-id=\"https:\/\/aliancasocial.org\/como-ajudar\/imposto-de-renda\/\">CLICK HERE<\/a><\/p>\n\n\n\n<p>ALSO KNOW WHO BELIEVES AND ALREADY SUPPORTS THIS PROJECT<\/p>\n\n\n\n<p>- Safe harbor;<\/p>\n\n\n\n<p>\u2013 Magazine Luza;<\/p>\n\n\n\n<p>\u2013 Comolatti Group;<\/p>\n\n\n\n<p>\u2013 Pereira Group<\/p>\n\n\n\n<p>\u2013 Urubupung\u00e1 Group<\/p>\n\n\n\n<p>Come be part of this team and exercise your prerogative, choose where your INCOME TAX should go.<\/p>\n\n\n\n<p><strong>TO KNOW HOW TO DONATE <a href=\"https:\/\/aliancasocial.org\/en\/como-ajudar\/imposto-de-renda\/\">CLICK HERE:<\/a> <\/strong><\/p>\n\n\n\n<p>CONTACT:<\/p>\n\n\n\n<p>11 99831 9207<br><a href=\"mailto:institucional@aliancasocial.org\">institucional@aliancasocial.org<\/a><\/p>\n\n\n\n<p>DONATE EDUCATION! DONATE GO!<\/p>","protected":false},"excerpt":{"rendered":"<p>Campanha IR 2022 Na campanha de doa\u00e7\u00e3o de IMPOSTO DE RENDA realizada nesse ano de 2022, a Alian\u00e7a de Miseric\u00f3rdia, tem como foco a EDUCA\u00c7\u00c3O na primeira inf\u00e2ncia, beneficiando 100 crian\u00e7as em situa\u00e7\u00e3o de risco e vulnerabilidade social, de 0 a 5 anos por meio do projeto CEI S\u00c3O MIGUEL, localizado no bairro Campos El\u00edseos, [&hellip;]<\/p>\n","protected":false},"author":3,"featured_media":9809,"comment_status":"closed","ping_status":"closed","sticky":false,"template":"","format":"standard","meta":{"footnotes":""},"categories":[49],"tags":[],"destaques":[],"class_list":["post-9551","post","type-post","status-publish","format-standard","has-post-thumbnail","hentry","category-campanhas"],"yoast_head":"<!-- This site is optimized with the Yoast SEO plugin v27.5 - https:\/\/yoast.com\/product\/yoast-seo-wordpress\/ -->\n<title>Nosso Foco \u00e9 a Educa\u00e7\u00e3o! - Alian\u00e7a de Miseric\u00f3rdia<\/title>\n<meta name=\"description\" content=\"Campanha IR 2022 Na campanha de doa\u00e7\u00e3o de IMPOSTO DE RENDA realizada nesse ano de 2022, a Alian\u00e7a de Miseric\u00f3rdia, tem como foco a EDUCA\u00c7\u00c3O na primeira\" \/>\n<meta name=\"robots\" content=\"index, follow, max-snippet:-1, max-image-preview:large, max-video-preview:-1\" \/>\n<link rel=\"canonical\" href=\"https:\/\/aliancasocial.org\/en\/nosso-foco-e-a-educacao\/\" \/>\n<meta property=\"og:locale\" content=\"en_US\" \/>\n<meta property=\"og:type\" content=\"article\" \/>\n<meta property=\"og:title\" content=\"Nosso Foco \u00e9 a Educa\u00e7\u00e3o! - Alian\u00e7a de Miseric\u00f3rdia\" \/>\n<meta property=\"og:description\" content=\"Campanha IR 2022 Na campanha de doa\u00e7\u00e3o de IMPOSTO DE RENDA realizada nesse ano de 2022, a Alian\u00e7a de Miseric\u00f3rdia, tem como foco a EDUCA\u00c7\u00c3O na primeira\" \/>\n<meta property=\"og:url\" content=\"https:\/\/aliancasocial.org\/en\/nosso-foco-e-a-educacao\/\" \/>\n<meta property=\"og:site_name\" content=\"Alian\u00e7a de Miseric\u00f3rdia\" \/>\n<meta property=\"article:publisher\" content=\"https:\/\/www.facebook.com\/iesmisericordia\/\" \/>\n<meta property=\"article:published_time\" content=\"2022-08-24T15:21:12+00:00\" \/>\n<meta property=\"article:modified_time\" content=\"2024-04-11T14:04:21+00:00\" \/>\n<meta property=\"og:image\" content=\"https:\/\/aliancasocial.org\/wp-content\/uploads\/2022\/08\/IES05982-1-scaled.jpg\" \/>\n\t<meta property=\"og:image:width\" content=\"2560\" \/>\n\t<meta property=\"og:image:height\" content=\"1440\" \/>\n\t<meta property=\"og:image:type\" content=\"image\/jpeg\" \/>\n<meta name=\"author\" content=\"Thyago Fran\u00e7a\" \/>\n<meta name=\"twitter:card\" content=\"summary_large_image\" \/>\n<meta name=\"twitter:creator\" content=\"@thyago.f@aliancasocial.org\" \/>\n<meta name=\"twitter:label1\" content=\"Written by\" \/>\n\t<meta name=\"twitter:data1\" content=\"Thyago Fran\u00e7a\" \/>\n\t<meta name=\"twitter:label2\" content=\"Est. reading time\" \/>\n\t<meta name=\"twitter:data2\" content=\"3 minutes\" \/>\n<script type=\"application\/ld+json\" class=\"yoast-schema-graph\">{\"@context\":\"https:\\\/\\\/schema.org\",\"@graph\":[{\"@type\":\"Article\",\"@id\":\"https:\\\/\\\/aliancasocial.org\\\/en\\\/nosso-foco-e-a-educacao\\\/#article\",\"isPartOf\":{\"@id\":\"https:\\\/\\\/aliancasocial.org\\\/en\\\/nosso-foco-e-a-educacao\\\/\"},\"author\":{\"name\":\"Thyago Fran\u00e7a\",\"@id\":\"https:\\\/\\\/aliancasocial.org\\\/#\\\/schema\\\/person\\\/8f8ae145580ca7206a1f21a56814959a\"},\"headline\":\"Nosso Foco \u00e9 a Educa\u00e7\u00e3o!\",\"datePublished\":\"2022-08-24T15:21:12+00:00\",\"dateModified\":\"2024-04-11T14:04:21+00:00\",\"mainEntityOfPage\":{\"@id\":\"https:\\\/\\\/aliancasocial.org\\\/en\\\/nosso-foco-e-a-educacao\\\/\"},\"wordCount\":488,\"publisher\":{\"@id\":\"https:\\\/\\\/aliancasocial.org\\\/#organization\"},\"image\":{\"@id\":\"https:\\\/\\\/aliancasocial.org\\\/en\\\/nosso-foco-e-a-educacao\\\/#primaryimage\"},\"thumbnailUrl\":\"https:\\\/\\\/aliancasocial.org\\\/wp-content\\\/uploads\\\/2022\\\/08\\\/IES05982-1-scaled.jpg\",\"articleSection\":[\"Campanhas\"],\"inLanguage\":\"en-US\"},{\"@type\":\"WebPage\",\"@id\":\"https:\\\/\\\/aliancasocial.org\\\/en\\\/nosso-foco-e-a-educacao\\\/\",\"url\":\"https:\\\/\\\/aliancasocial.org\\\/en\\\/nosso-foco-e-a-educacao\\\/\",\"name\":\"Nosso Foco \u00e9 a Educa\u00e7\u00e3o! - Alian\u00e7a de Miseric\u00f3rdia\",\"isPartOf\":{\"@id\":\"https:\\\/\\\/aliancasocial.org\\\/#website\"},\"primaryImageOfPage\":{\"@id\":\"https:\\\/\\\/aliancasocial.org\\\/en\\\/nosso-foco-e-a-educacao\\\/#primaryimage\"},\"image\":{\"@id\":\"https:\\\/\\\/aliancasocial.org\\\/en\\\/nosso-foco-e-a-educacao\\\/#primaryimage\"},\"thumbnailUrl\":\"https:\\\/\\\/aliancasocial.org\\\/wp-content\\\/uploads\\\/2022\\\/08\\\/IES05982-1-scaled.jpg\",\"datePublished\":\"2022-08-24T15:21:12+00:00\",\"dateModified\":\"2024-04-11T14:04:21+00:00\",\"description\":\"Campanha IR 2022 Na campanha de doa\u00e7\u00e3o de IMPOSTO DE RENDA realizada nesse ano de 2022, a Alian\u00e7a de Miseric\u00f3rdia, tem como foco a EDUCA\u00c7\u00c3O na primeira\",\"breadcrumb\":{\"@id\":\"https:\\\/\\\/aliancasocial.org\\\/en\\\/nosso-foco-e-a-educacao\\\/#breadcrumb\"},\"inLanguage\":\"en-US\",\"potentialAction\":[{\"@type\":\"ReadAction\",\"target\":[\"https:\\\/\\\/aliancasocial.org\\\/en\\\/nosso-foco-e-a-educacao\\\/\"]}]},{\"@type\":\"ImageObject\",\"inLanguage\":\"en-US\",\"@id\":\"https:\\\/\\\/aliancasocial.org\\\/en\\\/nosso-foco-e-a-educacao\\\/#primaryimage\",\"url\":\"https:\\\/\\\/aliancasocial.org\\\/wp-content\\\/uploads\\\/2022\\\/08\\\/IES05982-1-scaled.jpg\",\"contentUrl\":\"https:\\\/\\\/aliancasocial.org\\\/wp-content\\\/uploads\\\/2022\\\/08\\\/IES05982-1-scaled.jpg\",\"width\":2560,\"height\":1440},{\"@type\":\"BreadcrumbList\",\"@id\":\"https:\\\/\\\/aliancasocial.org\\\/en\\\/nosso-foco-e-a-educacao\\\/#breadcrumb\",\"itemListElement\":[{\"@type\":\"ListItem\",\"position\":1,\"name\":\"In\u00edcio\",\"item\":\"https:\\\/\\\/aliancasocial.org\\\/en\\\/\"},{\"@type\":\"ListItem\",\"position\":2,\"name\":\"Nosso Foco \u00e9 a Educa\u00e7\u00e3o!\"}]},{\"@type\":\"WebSite\",\"@id\":\"https:\\\/\\\/aliancasocial.org\\\/#website\",\"url\":\"https:\\\/\\\/aliancasocial.org\\\/\",\"name\":\"Alian\u00e7a de Miseric\u00f3rdia\",\"description\":\"Levando dignidade humana a todos os cantos do mundo\",\"publisher\":{\"@id\":\"https:\\\/\\\/aliancasocial.org\\\/#organization\"},\"potentialAction\":[{\"@type\":\"SearchAction\",\"target\":{\"@type\":\"EntryPoint\",\"urlTemplate\":\"https:\\\/\\\/aliancasocial.org\\\/?s={search_term_string}\"},\"query-input\":{\"@type\":\"PropertyValueSpecification\",\"valueRequired\":true,\"valueName\":\"search_term_string\"}}],\"inLanguage\":\"en-US\"},{\"@type\":\"Organization\",\"@id\":\"https:\\\/\\\/aliancasocial.org\\\/#organization\",\"name\":\"Alian\u00e7a de Miseric\u00f3rdia\",\"url\":\"https:\\\/\\\/aliancasocial.org\\\/\",\"logo\":{\"@type\":\"ImageObject\",\"inLanguage\":\"en-US\",\"@id\":\"https:\\\/\\\/aliancasocial.org\\\/#\\\/schema\\\/logo\\\/image\\\/\",\"url\":\"https:\\\/\\\/aliancasocial.org\\\/wp-content\\\/uploads\\\/2022\\\/07\\\/logo-alianca-marrom.svg\",\"contentUrl\":\"https:\\\/\\\/aliancasocial.org\\\/wp-content\\\/uploads\\\/2022\\\/07\\\/logo-alianca-marrom.svg\",\"width\":91,\"height\":33,\"caption\":\"Alian\u00e7a de Miseric\u00f3rdia\"},\"image\":{\"@id\":\"https:\\\/\\\/aliancasocial.org\\\/#\\\/schema\\\/logo\\\/image\\\/\"},\"sameAs\":[\"https:\\\/\\\/www.facebook.com\\\/iesmisericordia\\\/\",\"https:\\\/\\\/www.instagram.com\\\/aliancademisericordia\\\/\"]},{\"@type\":\"Person\",\"@id\":\"https:\\\/\\\/aliancasocial.org\\\/#\\\/schema\\\/person\\\/8f8ae145580ca7206a1f21a56814959a\",\"name\":\"Thyago Fran\u00e7a\",\"image\":{\"@type\":\"ImageObject\",\"inLanguage\":\"en-US\",\"@id\":\"https:\\\/\\\/secure.gravatar.com\\\/avatar\\\/4ad8f8c064c4e384fbf837e889f8f835f33194d182958150114e034bfa236622?s=96&d=mm&r=g\",\"url\":\"https:\\\/\\\/secure.gravatar.com\\\/avatar\\\/4ad8f8c064c4e384fbf837e889f8f835f33194d182958150114e034bfa236622?s=96&d=mm&r=g\",\"contentUrl\":\"https:\\\/\\\/secure.gravatar.com\\\/avatar\\\/4ad8f8c064c4e384fbf837e889f8f835f33194d182958150114e034bfa236622?s=96&d=mm&r=g\",\"caption\":\"Thyago Fran\u00e7a\"},\"sameAs\":[\"https:\\\/\\\/x.com\\\/thyago.f@aliancasocial.org\"],\"url\":\"https:\\\/\\\/aliancasocial.org\\\/en\\\/author\\\/thyagoalianca\\\/\"}]}<\/script>\n<!-- \/ Yoast SEO plugin. -->","yoast_head_json":{"title":"Nosso Foco \u00e9 a Educa\u00e7\u00e3o! - Alian\u00e7a de Miseric\u00f3rdia","description":"Campanha IR 2022 Na campanha de doa\u00e7\u00e3o de IMPOSTO DE RENDA realizada nesse ano de 2022, a Alian\u00e7a de Miseric\u00f3rdia, tem como foco a EDUCA\u00c7\u00c3O na primeira","robots":{"index":"index","follow":"follow","max-snippet":"max-snippet:-1","max-image-preview":"max-image-preview:large","max-video-preview":"max-video-preview:-1"},"canonical":"https:\/\/aliancasocial.org\/en\/nosso-foco-e-a-educacao\/","og_locale":"en_US","og_type":"article","og_title":"Nosso Foco \u00e9 a Educa\u00e7\u00e3o! - Alian\u00e7a de Miseric\u00f3rdia","og_description":"Campanha IR 2022 Na campanha de doa\u00e7\u00e3o de IMPOSTO DE RENDA realizada nesse ano de 2022, a Alian\u00e7a de Miseric\u00f3rdia, tem como foco a EDUCA\u00c7\u00c3O na primeira","og_url":"https:\/\/aliancasocial.org\/en\/nosso-foco-e-a-educacao\/","og_site_name":"Alian\u00e7a de Miseric\u00f3rdia","article_publisher":"https:\/\/www.facebook.com\/iesmisericordia\/","article_published_time":"2022-08-24T15:21:12+00:00","article_modified_time":"2024-04-11T14:04:21+00:00","og_image":[{"width":2560,"height":1440,"url":"https:\/\/aliancasocial.org\/wp-content\/uploads\/2022\/08\/IES05982-1-scaled.jpg","type":"image\/jpeg"}],"author":"Thyago Fran\u00e7a","twitter_card":"summary_large_image","twitter_creator":"@thyago.f@aliancasocial.org","twitter_misc":{"Written by":"Thyago Fran\u00e7a","Est. reading time":"3 minutes"},"schema":{"@context":"https:\/\/schema.org","@graph":[{"@type":"Article","@id":"https:\/\/aliancasocial.org\/en\/nosso-foco-e-a-educacao\/#article","isPartOf":{"@id":"https:\/\/aliancasocial.org\/en\/nosso-foco-e-a-educacao\/"},"author":{"name":"Thyago Fran\u00e7a","@id":"https:\/\/aliancasocial.org\/#\/schema\/person\/8f8ae145580ca7206a1f21a56814959a"},"headline":"Nosso Foco \u00e9 a Educa\u00e7\u00e3o!","datePublished":"2022-08-24T15:21:12+00:00","dateModified":"2024-04-11T14:04:21+00:00","mainEntityOfPage":{"@id":"https:\/\/aliancasocial.org\/en\/nosso-foco-e-a-educacao\/"},"wordCount":488,"publisher":{"@id":"https:\/\/aliancasocial.org\/#organization"},"image":{"@id":"https:\/\/aliancasocial.org\/en\/nosso-foco-e-a-educacao\/#primaryimage"},"thumbnailUrl":"https:\/\/aliancasocial.org\/wp-content\/uploads\/2022\/08\/IES05982-1-scaled.jpg","articleSection":["Campanhas"],"inLanguage":"en-US"},{"@type":"WebPage","@id":"https:\/\/aliancasocial.org\/en\/nosso-foco-e-a-educacao\/","url":"https:\/\/aliancasocial.org\/en\/nosso-foco-e-a-educacao\/","name":"Nosso Foco \u00e9 a Educa\u00e7\u00e3o! - Alian\u00e7a de Miseric\u00f3rdia","isPartOf":{"@id":"https:\/\/aliancasocial.org\/#website"},"primaryImageOfPage":{"@id":"https:\/\/aliancasocial.org\/en\/nosso-foco-e-a-educacao\/#primaryimage"},"image":{"@id":"https:\/\/aliancasocial.org\/en\/nosso-foco-e-a-educacao\/#primaryimage"},"thumbnailUrl":"https:\/\/aliancasocial.org\/wp-content\/uploads\/2022\/08\/IES05982-1-scaled.jpg","datePublished":"2022-08-24T15:21:12+00:00","dateModified":"2024-04-11T14:04:21+00:00","description":"Campanha IR 2022 Na campanha de doa\u00e7\u00e3o de IMPOSTO DE RENDA realizada nesse ano de 2022, a Alian\u00e7a de Miseric\u00f3rdia, tem como foco a EDUCA\u00c7\u00c3O na primeira","breadcrumb":{"@id":"https:\/\/aliancasocial.org\/en\/nosso-foco-e-a-educacao\/#breadcrumb"},"inLanguage":"en-US","potentialAction":[{"@type":"ReadAction","target":["https:\/\/aliancasocial.org\/en\/nosso-foco-e-a-educacao\/"]}]},{"@type":"ImageObject","inLanguage":"en-US","@id":"https:\/\/aliancasocial.org\/en\/nosso-foco-e-a-educacao\/#primaryimage","url":"https:\/\/aliancasocial.org\/wp-content\/uploads\/2022\/08\/IES05982-1-scaled.jpg","contentUrl":"https:\/\/aliancasocial.org\/wp-content\/uploads\/2022\/08\/IES05982-1-scaled.jpg","width":2560,"height":1440},{"@type":"BreadcrumbList","@id":"https:\/\/aliancasocial.org\/en\/nosso-foco-e-a-educacao\/#breadcrumb","itemListElement":[{"@type":"ListItem","position":1,"name":"In\u00edcio","item":"https:\/\/aliancasocial.org\/en\/"},{"@type":"ListItem","position":2,"name":"Nosso Foco \u00e9 a Educa\u00e7\u00e3o!"}]},{"@type":"WebSite","@id":"https:\/\/aliancasocial.org\/#website","url":"https:\/\/aliancasocial.org\/","name":"Covenant of Mercy","description":"Bringing human dignity to every corner of the world","publisher":{"@id":"https:\/\/aliancasocial.org\/#organization"},"potentialAction":[{"@type":"SearchAction","target":{"@type":"EntryPoint","urlTemplate":"https:\/\/aliancasocial.org\/?s={search_term_string}"},"query-input":{"@type":"PropertyValueSpecification","valueRequired":true,"valueName":"search_term_string"}}],"inLanguage":"en-US"},{"@type":"Organization","@id":"https:\/\/aliancasocial.org\/#organization","name":"Covenant of Mercy","url":"https:\/\/aliancasocial.org\/","logo":{"@type":"ImageObject","inLanguage":"en-US","@id":"https:\/\/aliancasocial.org\/#\/schema\/logo\/image\/","url":"https:\/\/aliancasocial.org\/wp-content\/uploads\/2022\/07\/logo-alianca-marrom.svg","contentUrl":"https:\/\/aliancasocial.org\/wp-content\/uploads\/2022\/07\/logo-alianca-marrom.svg","width":91,"height":33,"caption":"Alian\u00e7a de Miseric\u00f3rdia"},"image":{"@id":"https:\/\/aliancasocial.org\/#\/schema\/logo\/image\/"},"sameAs":["https:\/\/www.facebook.com\/iesmisericordia\/","https:\/\/www.instagram.com\/aliancademisericordia\/"]},{"@type":"Person","@id":"https:\/\/aliancasocial.org\/#\/schema\/person\/8f8ae145580ca7206a1f21a56814959a","name":"Thyago France","image":{"@type":"ImageObject","inLanguage":"en-US","@id":"https:\/\/secure.gravatar.com\/avatar\/4ad8f8c064c4e384fbf837e889f8f835f33194d182958150114e034bfa236622?s=96&d=mm&r=g","url":"https:\/\/secure.gravatar.com\/avatar\/4ad8f8c064c4e384fbf837e889f8f835f33194d182958150114e034bfa236622?s=96&d=mm&r=g","contentUrl":"https:\/\/secure.gravatar.com\/avatar\/4ad8f8c064c4e384fbf837e889f8f835f33194d182958150114e034bfa236622?s=96&d=mm&r=g","caption":"Thyago Fran\u00e7a"},"sameAs":["https:\/\/x.com\/thyago.f@aliancasocial.org"],"url":"https:\/\/aliancasocial.org\/en\/author\/thyagoalianca\/"}]}},"_links":{"self":[{"href":"https:\/\/aliancasocial.org\/en\/wp-json\/wp\/v2\/posts\/9551","targetHints":{"allow":["GET"]}}],"collection":[{"href":"https:\/\/aliancasocial.org\/en\/wp-json\/wp\/v2\/posts"}],"about":[{"href":"https:\/\/aliancasocial.org\/en\/wp-json\/wp\/v2\/types\/post"}],"author":[{"embeddable":true,"href":"https:\/\/aliancasocial.org\/en\/wp-json\/wp\/v2\/users\/3"}],"replies":[{"embeddable":true,"href":"https:\/\/aliancasocial.org\/en\/wp-json\/wp\/v2\/comments?post=9551"}],"version-history":[{"count":0,"href":"https:\/\/aliancasocial.org\/en\/wp-json\/wp\/v2\/posts\/9551\/revisions"}],"wp:featuredmedia":[{"embeddable":true,"href":"https:\/\/aliancasocial.org\/en\/wp-json\/wp\/v2\/media\/9809"}],"wp:attachment":[{"href":"https:\/\/aliancasocial.org\/en\/wp-json\/wp\/v2\/media?parent=9551"}],"wp:term":[{"taxonomy":"category","embeddable":true,"href":"https:\/\/aliancasocial.org\/en\/wp-json\/wp\/v2\/categories?post=9551"},{"taxonomy":"post_tag","embeddable":true,"href":"https:\/\/aliancasocial.org\/en\/wp-json\/wp\/v2\/tags?post=9551"},{"taxonomy":"destaques","embeddable":true,"href":"https:\/\/aliancasocial.org\/en\/wp-json\/wp\/v2\/destaques?post=9551"}],"curies":[{"name":"wp","href":"https:\/\/api.w.org\/{rel}","templated":true}]}}